{"id":1797,"date":"2022-02-11T18:32:52","date_gmt":"2022-02-11T17:32:52","guid":{"rendered":"https:\/\/duhovyrok.sk\/tepla-vlna\/?p=1797"},"modified":"2022-02-11T18:33:27","modified_gmt":"2022-02-11T17:33:27","slug":"tepla-vlna-mia-zurekova-spisovatelka-a-novinarka-o-svojej-tvorbe-a-novej-knihe-ta-bolest-ta-prejde","status":"publish","type":"post","link":"https:\/\/duhovyrok.sk\/tepla-vlna\/2022\/02\/11\/tepla-vlna-mia-zurekova-spisovatelka-a-novinarka-o-svojej-tvorbe-a-novej-knihe-ta-bolest-ta-prejde\/","title":{"rendered":"Tepl\u00e1 vlna: Mia \u017durekov\u00e1, spisovate\u013eka a novin\u00e1rka o svojej tvorbe a novej knihe T\u00e1 boles\u0165 \u0165a prejde"},"content":{"rendered":"\n<p>Mia \u017durekov\u00e1, novin\u00e1rka a spisovate\u013eka, ktor\u00e1 sa neboj\u00ed p\u00edsa\u0165 o d\u00f4le\u017eit\u00fdch t\u00e9mach ako s\u00fa: pr\u00e1va \u017eien pri p\u00f4rodoch, \u017eivotoch transrodov\u00fdch \u013eud\u00ed a LGBTI+ komunity. Mia bola nominovan\u00e1 na Cenu inakosti za m\u00e9dia a za pozit\u00edvne informovanie o transrodov\u00fdch t\u00e9mach. Moment\u00e1lne vyd\u00e1va knihu: T\u00e1 boles\u0165 \u0165a prejde, ktorej vydanie m\u00f4\u017eete e\u0161te st\u00e1le podpori\u0165 <a rel=\"noreferrer noopener\" href=\"https:\/\/www.startlab.sk\/projekty\/2609-kniha-ta-bolest-ta-prejde-je-skratka-lgbt-u-nas-stale-tabu\/%F0%9F%99%82%22?fbclid=IwAR1pY1yoxUPBkcqgbM5BYypfiikJvt1OscFyc9gFj8_TYmTISkbuUSI5MeQ\" target=\"_blank\">https:\/\/www.startlab.sk\/projekty\/2609-kniha-ta-bolest-ta-prejde-je-skratka-lgbt-u-nas-stale-tabu\/<\/a><\/p>\n\n\n\n<p>Aktu\u00e1lny diel Teplej vlny si m\u00f4\u017eete pozrie\u0165 na na\u0161om <a href=\"https:\/\/fb.watch\/b6kKpQxs1u\/\" target=\"_blank\" rel=\"noreferrer noopener\">Facebooku D\u00fahov\u00fd rok<\/a>. <\/p>\n\n\n\n<p>Foto: Jakub Kov\u00e1\u010d<\/p>\n","protected":false},"excerpt":{"rendered":"<p>Mia \u017durekov\u00e1, novin\u00e1rka a spisovate\u013eka, ktor\u00e1 sa neboj\u00ed p\u00edsa\u0165 o d\u00f4le\u017eit\u00fdch t\u00e9mach ako s\u00fa: pr\u00e1va \u017eien pri p\u00f4rodoch, \u017eivotoch transrodov\u00fdch \u013eud\u00ed a LGBTI+ komunity. Mia bola nominovan\u00e1 na Cenu inakosti <a href=\"https:\/\/duhovyrok.sk\/tepla-vlna\/2022\/02\/11\/tepla-vlna-mia-zurekova-spisovatelka-a-novinarka-o-svojej-tvorbe-a-novej-knihe-ta-bolest-ta-prejde\/\" class=\"more-link\">&#8230;<\/a><\/p>\n","protected":false},"author":2,"featured_media":1798,"comment_status":"closed","ping_status":"open","sticky":false,"template":"","format":"standard","meta":{"footnotes":""},"categories":[3,2],"tags":[99,61,151,43,4,152,5],"class_list":["post-1797","post","type-post","status-publish","format-standard","has-post-thumbnail","hentry","category-novinky","category-tepla-vlna","tag-from-tepla-vlna","tag-marek-hudec","tag-mia-zurekova","tag-nomantinels","tag-podcast","tag-ta-bolest-ta-prejde","tag-tepla-vlna"],"_links":{"self":[{"href":"https:\/\/duhovyrok.sk\/tepla-vlna\/wp-json\/wp\/v2\/posts\/1797","targetHints":{"allow":["GET"]}}],"collection":[{"href":"https:\/\/duhovyrok.sk\/tepla-vlna\/wp-json\/wp\/v2\/posts"}],"about":[{"href":"https:\/\/duhovyrok.sk\/tepla-vlna\/wp-json\/wp\/v2\/types\/post"}],"author":[{"embeddable":true,"href":"https:\/\/duhovyrok.sk\/tepla-vlna\/wp-json\/wp\/v2\/users\/2"}],"replies":[{"embeddable":true,"href":"https:\/\/duhovyrok.sk\/tepla-vlna\/wp-json\/wp\/v2\/comments?post=1797"}],"version-history":[{"count":1,"href":"https:\/\/duhovyrok.sk\/tepla-vlna\/wp-json\/wp\/v2\/posts\/1797\/revisions"}],"predecessor-version":[{"id":1799,"href":"https:\/\/duhovyrok.sk\/tepla-vlna\/wp-json\/wp\/v2\/posts\/1797\/revisions\/1799"}],"wp:featuredmedia":[{"embeddable":true,"href":"https:\/\/duhovyrok.sk\/tepla-vlna\/wp-json\/wp\/v2\/media\/1798"}],"wp:attachment":[{"href":"https:\/\/duhovyrok.sk\/tepla-vlna\/wp-json\/wp\/v2\/media?parent=1797"}],"wp:term":[{"taxonomy":"category","embeddable":true,"href":"https:\/\/duhovyrok.sk\/tepla-vlna\/wp-json\/wp\/v2\/categories?post=1797"},{"taxonomy":"post_tag","embeddable":true,"href":"https:\/\/duhovyrok.sk\/tepla-vlna\/wp-json\/wp\/v2\/tags?post=1797"}],"curies":[{"name":"wp","href":"https:\/\/api.w.org\/{rel}","templated":true}]}}