{"id":1792,"date":"2022-01-29T22:10:00","date_gmt":"2022-01-29T21:10:00","guid":{"rendered":"https:\/\/duhovyrok.sk\/tepla-vlna\/?p=1792"},"modified":"2022-02-02T22:16:13","modified_gmt":"2022-02-02T21:16:13","slug":"zahrejte-sa-so-zahym-ep-4-vstavanie","status":"publish","type":"post","link":"https:\/\/duhovyrok.sk\/tepla-vlna\/2022\/01\/29\/zahrejte-sa-so-zahym-ep-4-vstavanie\/","title":{"rendered":"Zahrejte sa so Zahym Ep. 4 &#8211; Vst\u00e1vanie"},"content":{"rendered":"\n<p>Otvor\u00edme r\u00e1no o\u010di a nie len slnie\u010dko n\u00e1s v\u00edta svoj\u00edm tepl\u00fdm pohladen\u00edm. Hrejiv\u00fd dotyk za\u017eijete aj od Zahyho, ktor\u00fd v\u00e1m prin\u00e1\u0161a rann\u00e9 cvi\u010denie na ka\u017ed\u00fd de\u0148. Nebojte sa precvi\u010di\u0165 si va\u0161e hn\u00e1ty a aj sa na z\u00e1ver cvi\u010denia odme\u0148te za l\u00e1sku, ktor\u00fa d\u00e1vate tomuto svetu. Namast\u00e9 tepl\u00ed ste!<\/p>\n\n\n\n<p>Foto: Jakub Kov\u00e1\u010d<\/p>\n\n\n\n<figure class=\"wp-block-embed is-type-video is-provider-youtube wp-block-embed-youtube wp-embed-aspect-16-9 wp-has-aspect-ratio\"><div class=\"wp-block-embed__wrapper\">\n<iframe loading=\"lazy\" title=\"Queer j\u00f3ga: Zahrejte sa so Zahym, vst\u00e1vanie\" width=\"1778\" height=\"1000\" src=\"https:\/\/www.youtube.com\/embed\/IfeqQ34ycyQ?feature=oembed\" frameborder=\"0\" allow=\"accelerometer; autoplay; clipboard-write; encrypted-media; gyroscope; picture-in-picture\" allowfullscreen><\/iframe>\n<\/div><\/figure>\n","protected":false},"excerpt":{"rendered":"<p>Otvor\u00edme r\u00e1no o\u010di a nie len slnie\u010dko n\u00e1s v\u00edta svoj\u00edm tepl\u00fdm pohladen\u00edm. Hrejiv\u00fd dotyk za\u017eijete aj od Zahyho, ktor\u00fd v\u00e1m prin\u00e1\u0161a rann\u00e9 cvi\u010denie na ka\u017ed\u00fd de\u0148. Nebojte sa precvi\u010di\u0165 si <a href=\"https:\/\/duhovyrok.sk\/tepla-vlna\/2022\/01\/29\/zahrejte-sa-so-zahym-ep-4-vstavanie\/\" class=\"more-link\">&#8230;<\/a><\/p>\n","protected":false},"author":9,"featured_media":1793,"comment_status":"closed","ping_status":"open","sticky":false,"template":"","format":"standard","meta":{"footnotes":""},"categories":[1],"tags":[99,149,50,51,150,54],"class_list":["post-1792","post","type-post","status-publish","format-standard","has-post-thumbnail","hentry","category-nezaradene","tag-from-tepla-vlna","tag-joga","tag-komunitne-cvicenia","tag-lukas-zahy","tag-vstavanie","tag-zahrejte-sa-so-zahym"],"_links":{"self":[{"href":"https:\/\/duhovyrok.sk\/tepla-vlna\/wp-json\/wp\/v2\/posts\/1792","targetHints":{"allow":["GET"]}}],"collection":[{"href":"https:\/\/duhovyrok.sk\/tepla-vlna\/wp-json\/wp\/v2\/posts"}],"about":[{"href":"https:\/\/duhovyrok.sk\/tepla-vlna\/wp-json\/wp\/v2\/types\/post"}],"author":[{"embeddable":true,"href":"https:\/\/duhovyrok.sk\/tepla-vlna\/wp-json\/wp\/v2\/users\/9"}],"replies":[{"embeddable":true,"href":"https:\/\/duhovyrok.sk\/tepla-vlna\/wp-json\/wp\/v2\/comments?post=1792"}],"version-history":[{"count":1,"href":"https:\/\/duhovyrok.sk\/tepla-vlna\/wp-json\/wp\/v2\/posts\/1792\/revisions"}],"predecessor-version":[{"id":1794,"href":"https:\/\/duhovyrok.sk\/tepla-vlna\/wp-json\/wp\/v2\/posts\/1792\/revisions\/1794"}],"wp:featuredmedia":[{"embeddable":true,"href":"https:\/\/duhovyrok.sk\/tepla-vlna\/wp-json\/wp\/v2\/media\/1793"}],"wp:attachment":[{"href":"https:\/\/duhovyrok.sk\/tepla-vlna\/wp-json\/wp\/v2\/media?parent=1792"}],"wp:term":[{"taxonomy":"category","embeddable":true,"href":"https:\/\/duhovyrok.sk\/tepla-vlna\/wp-json\/wp\/v2\/categories?post=1792"},{"taxonomy":"post_tag","embeddable":true,"href":"https:\/\/duhovyrok.sk\/tepla-vlna\/wp-json\/wp\/v2\/tags?post=1792"}],"curies":[{"name":"wp","href":"https:\/\/api.w.org\/{rel}","templated":true}]}}