{"id":1789,"date":"2022-01-25T22:02:00","date_gmt":"2022-01-25T21:02:00","guid":{"rendered":"https:\/\/duhovyrok.sk\/tepla-vlna\/?p=1789"},"modified":"2022-02-02T22:10:14","modified_gmt":"2022-02-02T21:10:14","slug":"zahrejte-sa-so-zahym-ep-3-vogue","status":"publish","type":"post","link":"https:\/\/duhovyrok.sk\/tepla-vlna\/2022\/01\/25\/zahrejte-sa-so-zahym-ep-3-vogue\/","title":{"rendered":"Zahrejte sa so Zahym Ep. 3 &#8211; VOGUE"},"content":{"rendered":"\n<p>Aj vogue \u0161t\u00fdlom tancovania sa d\u00e1 cvi\u010di\u0165 j\u00f3ga, presved\u010d\u00ed V\u00e1s o tom zahriaty Zahy! Zahrejete sa s n\u00edm?<\/p>\n\n\n\n<p>Foto: Jakub Kov\u00e1\u010d<\/p>\n\n\n\n<figure class=\"wp-block-embed is-type-video is-provider-youtube wp-block-embed-youtube wp-embed-aspect-16-9 wp-has-aspect-ratio\"><div class=\"wp-block-embed__wrapper\">\n<iframe loading=\"lazy\" title=\"Queer j\u00f3ga: Zahrejte sa so Zahym, VOGUE\" width=\"1778\" height=\"1000\" src=\"https:\/\/www.youtube.com\/embed\/4A2g8B8IaQ8?feature=oembed\" frameborder=\"0\" allow=\"accelerometer; autoplay; clipboard-write; encrypted-media; gyroscope; picture-in-picture\" allowfullscreen><\/iframe>\n<\/div><\/figure>\n","protected":false},"excerpt":{"rendered":"<p>Aj vogue \u0161t\u00fdlom tancovania sa d\u00e1 cvi\u010di\u0165 j\u00f3ga, presved\u010d\u00ed V\u00e1s o tom zahriaty Zahy! Zahrejete sa s n\u00edm? Foto: Jakub Kov\u00e1\u010d<\/p>\n","protected":false},"author":9,"featured_media":1790,"comment_status":"closed","ping_status":"open","sticky":false,"template":"","format":"standard","meta":{"footnotes":""},"categories":[1],"tags":[99,149,51,23,148,54],"class_list":["post-1789","post","type-post","status-publish","format-standard","has-post-thumbnail","hentry","category-nezaradene","tag-from-tepla-vlna","tag-joga","tag-lukas-zahy","tag-queer","tag-vogue","tag-zahrejte-sa-so-zahym"],"_links":{"self":[{"href":"https:\/\/duhovyrok.sk\/tepla-vlna\/wp-json\/wp\/v2\/posts\/1789","targetHints":{"allow":["GET"]}}],"collection":[{"href":"https:\/\/duhovyrok.sk\/tepla-vlna\/wp-json\/wp\/v2\/posts"}],"about":[{"href":"https:\/\/duhovyrok.sk\/tepla-vlna\/wp-json\/wp\/v2\/types\/post"}],"author":[{"embeddable":true,"href":"https:\/\/duhovyrok.sk\/tepla-vlna\/wp-json\/wp\/v2\/users\/9"}],"replies":[{"embeddable":true,"href":"https:\/\/duhovyrok.sk\/tepla-vlna\/wp-json\/wp\/v2\/comments?post=1789"}],"version-history":[{"count":1,"href":"https:\/\/duhovyrok.sk\/tepla-vlna\/wp-json\/wp\/v2\/posts\/1789\/revisions"}],"predecessor-version":[{"id":1791,"href":"https:\/\/duhovyrok.sk\/tepla-vlna\/wp-json\/wp\/v2\/posts\/1789\/revisions\/1791"}],"wp:featuredmedia":[{"embeddable":true,"href":"https:\/\/duhovyrok.sk\/tepla-vlna\/wp-json\/wp\/v2\/media\/1790"}],"wp:attachment":[{"href":"https:\/\/duhovyrok.sk\/tepla-vlna\/wp-json\/wp\/v2\/media?parent=1789"}],"wp:term":[{"taxonomy":"category","embeddable":true,"href":"https:\/\/duhovyrok.sk\/tepla-vlna\/wp-json\/wp\/v2\/categories?post=1789"},{"taxonomy":"post_tag","embeddable":true,"href":"https:\/\/duhovyrok.sk\/tepla-vlna\/wp-json\/wp\/v2\/tags?post=1789"}],"curies":[{"name":"wp","href":"https:\/\/api.w.org\/{rel}","templated":true}]}}