{"id":1765,"date":"2021-12-30T20:40:00","date_gmt":"2021-12-30T19:40:00","guid":{"rendered":"https:\/\/duhovyrok.sk\/tepla-vlna\/?p=1765"},"modified":"2021-12-31T09:48:09","modified_gmt":"2021-12-31T08:48:09","slug":"do-teplej-vlny-pride-tomas-prochazka-alias-grofka","status":"publish","type":"post","link":"https:\/\/duhovyrok.sk\/tepla-vlna\/2021\/12\/30\/do-teplej-vlny-pride-tomas-prochazka-alias-grofka\/","title":{"rendered":"Do Teplej vlny pr\u00edde Tom\u00e1\u0161 Proch\u00e1zka alias Gr\u00f3fka"},"content":{"rendered":"\n<p>Tom\u00e1\u0161 Proch\u00e1zka, alias Gr\u00f3fka je re\u017eis\u00e9r, autor, performer, drag queen, aktivista. Poch\u00e1dza z Bratislavy. Je absolvent divadelnej r\u00e9\u017eie a dramaturgie s praxou v performance art a autorskom divadle. Bol nominovan\u00fd na cenu Dosky za objav sez\u00f3ny a z\u00edskal cenu Nad\u00e1cie Tatrabanky za dielo Requiem pre priate\u013ea, ktor\u00fd pripravil v r\u00e1mci projektu Hey Slov\u00e1ci v Mestskom divadle \u017dilina.&nbsp;Venuje sa pamiatke svojho dobr\u00e9ho priate\u013ea gej aktivistu Du\u0161ana Veselovsk\u00e9ho a z\u00e1rove\u0148 \u0148ou chce prakticky pouk\u00e1za\u0165 na to, ako tak\u00e1 z\u00e1kladn\u00e1 vec ako registrovan\u00e9 partnerstv\u00e1 m\u00f4\u017eu \u013eu\u010fom v jeho komunite u\u013eah\u010di\u0165 \u017eivot. V&nbsp;<a href=\"https:\/\/duhovyrok.sk\/nomantinels\/\" target=\"_blank\" rel=\"noreferrer noopener\">divadle NOMANTINELS<\/a>&nbsp;re\u017e\u00edroval inscen\u00e1ciu Pripojen\u00ed. Je s\u00fa\u010das\u0165ou drag zoskupenia <a href=\"https:\/\/www.facebook.com\/thehouseofgarbage\" target=\"_blank\" rel=\"noreferrer noopener\">House of Garb\u00e1ge<\/a>, s ktorou pravidelne vystupuje ako La Cuntessa.&nbsp;<\/p>\n\n\n\n<p>Nov\u00fd diel Teplej vlny odpremi\u00e9rujeme u\u017e v piatok, 31. decembra o 16:00 na na\u0161om <a rel=\"noreferrer noopener\" href=\"https:\/\/www.facebook.com\/duhovyrok\" target=\"_blank\">Facebooku!<\/a>&nbsp;<\/p>\n","protected":false},"excerpt":{"rendered":"<p>Tom\u00e1\u0161 Proch\u00e1zka, alias Gr\u00f3fka je re\u017eis\u00e9r, autor, performer, drag queen, aktivista. Poch\u00e1dza z Bratislavy. Je absolvent divadelnej r\u00e9\u017eie a dramaturgie s praxou v performance art a autorskom divadle. Bol nominovan\u00fd <a href=\"https:\/\/duhovyrok.sk\/tepla-vlna\/2021\/12\/30\/do-teplej-vlny-pride-tomas-prochazka-alias-grofka\/\" class=\"more-link\">&#8230;<\/a><\/p>\n","protected":false},"author":9,"featured_media":1766,"comment_status":"closed","ping_status":"open","sticky":false,"template":"","format":"standard","meta":{"footnotes":""},"categories":[1,2],"tags":[134,18,120,99,136,4,114,135,5,133],"class_list":["post-1765","post","type-post","status-publish","format-standard","has-post-thumbnail","hentry","category-nezaradene","category-tepla-vlna","tag-aktivista","tag-andrej-kuruc","tag-dragqueen","tag-from-tepla-vlna","tag-performer","tag-podcast","tag-pozvanka","tag-reziser","tag-tepla-vlna","tag-tomas-prochazka"],"_links":{"self":[{"href":"https:\/\/duhovyrok.sk\/tepla-vlna\/wp-json\/wp\/v2\/posts\/1765","targetHints":{"allow":["GET"]}}],"collection":[{"href":"https:\/\/duhovyrok.sk\/tepla-vlna\/wp-json\/wp\/v2\/posts"}],"about":[{"href":"https:\/\/duhovyrok.sk\/tepla-vlna\/wp-json\/wp\/v2\/types\/post"}],"author":[{"embeddable":true,"href":"https:\/\/duhovyrok.sk\/tepla-vlna\/wp-json\/wp\/v2\/users\/9"}],"replies":[{"embeddable":true,"href":"https:\/\/duhovyrok.sk\/tepla-vlna\/wp-json\/wp\/v2\/comments?post=1765"}],"version-history":[{"count":2,"href":"https:\/\/duhovyrok.sk\/tepla-vlna\/wp-json\/wp\/v2\/posts\/1765\/revisions"}],"predecessor-version":[{"id":1768,"href":"https:\/\/duhovyrok.sk\/tepla-vlna\/wp-json\/wp\/v2\/posts\/1765\/revisions\/1768"}],"wp:featuredmedia":[{"embeddable":true,"href":"https:\/\/duhovyrok.sk\/tepla-vlna\/wp-json\/wp\/v2\/media\/1766"}],"wp:attachment":[{"href":"https:\/\/duhovyrok.sk\/tepla-vlna\/wp-json\/wp\/v2\/media?parent=1765"}],"wp:term":[{"taxonomy":"category","embeddable":true,"href":"https:\/\/duhovyrok.sk\/tepla-vlna\/wp-json\/wp\/v2\/categories?post=1765"},{"taxonomy":"post_tag","embeddable":true,"href":"https:\/\/duhovyrok.sk\/tepla-vlna\/wp-json\/wp\/v2\/tags?post=1765"}],"curies":[{"name":"wp","href":"https:\/\/api.w.org\/{rel}","templated":true}]}}