{"id":1734,"date":"2021-12-11T15:31:00","date_gmt":"2021-12-11T14:31:00","guid":{"rendered":"https:\/\/duhovyrok.sk\/tepla-vlna\/?p=1734"},"modified":"2021-12-13T07:33:50","modified_gmt":"2021-12-13T06:33:50","slug":"tepla-vlna-zita-hosszuova-kralovna-tepleho-filmu-na-slovensku","status":"publish","type":"post","link":"https:\/\/duhovyrok.sk\/tepla-vlna\/2021\/12\/11\/tepla-vlna-zita-hosszuova-kralovna-tepleho-filmu-na-slovensku\/","title":{"rendered":"Tepl\u00e1 vlna: Zita Hossz\u00faov\u00e1, kr\u00e1\u013eovn\u00e1 tepl\u00e9ho filmu na Slovensku"},"content":{"rendered":"\n<p>V\u00a0Teplej vlne sme priv\u00edtali \u00a0riadite\u013eku Filmov\u00e9ho festivalu inakosti Zitu Hossz\u00faov\u00fa. Prezradila n\u00e1m ak\u00e1 bola jej cesta k\u00a0prijatiu svojej orient\u00e1cie. Pribl\u00ed\u017eila ako sa stal film jej \u017eivotn\u00fdm poslan\u00edm. Ak\u00e9 to je by\u0165 riadite\u013ekou tepl\u00e9ho filmov\u00e9ho festivalu a\u00a0pre\u010do je d\u00f4le\u017eit\u00fd. Osvetlila jeho hist\u00f3riu a zhodnotila posledn\u00fd ro\u010dn\u00edk ako aj premi\u00e9ru dokumentu Barbory Chalupovej Z\u00e1kon l\u00e1sky.<\/p>\n\n\n\n<p>Aktu\u00e1lny diel Teplej vlny n\u00e1jdete na na\u0161om <a href=\"https:\/\/fb.watch\/9SEEEOtjg9\/\" target=\"_blank\" rel=\"noreferrer noopener\">Facebooku D\u00fahov\u00fd rok<\/a>.<\/p>\n\n\n\n<p>Foto: Jakub Kov\u00e1\u010d<\/p>\n","protected":false},"excerpt":{"rendered":"<p>V\u00a0Teplej vlne sme priv\u00edtali \u00a0riadite\u013eku Filmov\u00e9ho festivalu inakosti Zitu Hossz\u00faov\u00fa. Prezradila n\u00e1m ak\u00e1 bola jej cesta k\u00a0prijatiu svojej orient\u00e1cie. Pribl\u00ed\u017eila ako sa stal film jej \u017eivotn\u00fdm poslan\u00edm. Ak\u00e9 to je <a href=\"https:\/\/duhovyrok.sk\/tepla-vlna\/2021\/12\/11\/tepla-vlna-zita-hosszuova-kralovna-tepleho-filmu-na-slovensku\/\" class=\"more-link\">&#8230;<\/a><\/p>\n","protected":false},"author":9,"featured_media":1752,"comment_status":"closed","ping_status":"open","sticky":false,"template":"","format":"standard","meta":{"footnotes":""},"categories":[3,2],"tags":[18,128,129,99,131,4,23,24,5,127],"class_list":["post-1734","post","type-post","status-publish","format-standard","has-post-thumbnail","hentry","category-novinky","category-tepla-vlna","tag-andrej-kuruc","tag-ffi","tag-filmovy-festival-inakosti","tag-from-tepla-vlna","tag-historia","tag-podcast","tag-queer","tag-queer-kultura","tag-tepla-vlna","tag-zita-hosszuova"],"_links":{"self":[{"href":"https:\/\/duhovyrok.sk\/tepla-vlna\/wp-json\/wp\/v2\/posts\/1734","targetHints":{"allow":["GET"]}}],"collection":[{"href":"https:\/\/duhovyrok.sk\/tepla-vlna\/wp-json\/wp\/v2\/posts"}],"about":[{"href":"https:\/\/duhovyrok.sk\/tepla-vlna\/wp-json\/wp\/v2\/types\/post"}],"author":[{"embeddable":true,"href":"https:\/\/duhovyrok.sk\/tepla-vlna\/wp-json\/wp\/v2\/users\/9"}],"replies":[{"embeddable":true,"href":"https:\/\/duhovyrok.sk\/tepla-vlna\/wp-json\/wp\/v2\/comments?post=1734"}],"version-history":[{"count":3,"href":"https:\/\/duhovyrok.sk\/tepla-vlna\/wp-json\/wp\/v2\/posts\/1734\/revisions"}],"predecessor-version":[{"id":1755,"href":"https:\/\/duhovyrok.sk\/tepla-vlna\/wp-json\/wp\/v2\/posts\/1734\/revisions\/1755"}],"wp:featuredmedia":[{"embeddable":true,"href":"https:\/\/duhovyrok.sk\/tepla-vlna\/wp-json\/wp\/v2\/media\/1752"}],"wp:attachment":[{"href":"https:\/\/duhovyrok.sk\/tepla-vlna\/wp-json\/wp\/v2\/media?parent=1734"}],"wp:term":[{"taxonomy":"category","embeddable":true,"href":"https:\/\/duhovyrok.sk\/tepla-vlna\/wp-json\/wp\/v2\/categories?post=1734"},{"taxonomy":"post_tag","embeddable":true,"href":"https:\/\/duhovyrok.sk\/tepla-vlna\/wp-json\/wp\/v2\/tags?post=1734"}],"curies":[{"name":"wp","href":"https:\/\/api.w.org\/{rel}","templated":true}]}}