{"id":1732,"date":"2021-12-11T07:27:00","date_gmt":"2021-12-11T06:27:00","guid":{"rendered":"https:\/\/duhovyrok.sk\/tepla-vlna\/?p=1732"},"modified":"2021-12-13T07:28:54","modified_gmt":"2021-12-13T06:28:54","slug":"do-teplej-vlny-sme-pozvali-riaditelku-filmoveho-festivalu-inakosti","status":"publish","type":"post","link":"https:\/\/duhovyrok.sk\/tepla-vlna\/2021\/12\/11\/do-teplej-vlny-sme-pozvali-riaditelku-filmoveho-festivalu-inakosti\/","title":{"rendered":"Do Teplej vlny sme pozvali riadite\u013eku Filmov\u00e9ho festivalu inakosti"},"content":{"rendered":"\n<p>Zita Hossz\u00faov\u00e1 je mana\u017e\u00e9rkou <a href=\"https:\/\/www.kino-lumiere.sk\/\" target=\"_blank\" rel=\"noreferrer noopener\">Kina Lumi\u00e8re<\/a>, ktor\u00e9 je hlavn\u00fdm dejiskom<a href=\"https:\/\/www.ffi.sk\/\" target=\"_blank\" rel=\"noreferrer noopener\"> Filmov\u00e9ho festivalu inakosti<\/a> (FFi) v Bratislave. \u0160tudovala Filmov\u00fa fakultu V\u0160MU. Poch\u00e1dza z\u00a0Nov\u00fdch Z\u00e1mkov.\u00a0 Sama hovor\u00ed, \u017ee filmy vyberan\u00e9 do programu festivalu nie s\u00fa len pre LGBTI+ \u013eud\u00ed, ale pre v\u0161etk\u00fdch, ktor\u00ed maj\u00fa radi klubov\u00fd film. FFi vznikol v roku 2007. Jeho riadite\u013ekou \u00a0je od roku 2011. Okrem toho sa podie\u013eala aj na pr\u00edprav\u00e1ch Art Film Festu v Ko\u0161iciach.<\/p>\n\n\n\n<p>Foto: Jakub Kov\u00e1\u010d<\/p>\n","protected":false},"excerpt":{"rendered":"<p>Zita Hossz\u00faov\u00e1 je mana\u017e\u00e9rkou Kina Lumi\u00e8re, ktor\u00e9 je hlavn\u00fdm dejiskom Filmov\u00e9ho festivalu inakosti (FFi) v Bratislave. \u0160tudovala Filmov\u00fa fakultu V\u0160MU. Poch\u00e1dza z\u00a0Nov\u00fdch Z\u00e1mkov.\u00a0 Sama hovor\u00ed, \u017ee filmy vyberan\u00e9 do programu <a href=\"https:\/\/duhovyrok.sk\/tepla-vlna\/2021\/12\/11\/do-teplej-vlny-sme-pozvali-riaditelku-filmoveho-festivalu-inakosti\/\" class=\"more-link\">&#8230;<\/a><\/p>\n","protected":false},"author":9,"featured_media":1749,"comment_status":"closed","ping_status":"open","sticky":false,"template":"","format":"standard","meta":{"footnotes":""},"categories":[3,2],"tags":[18,128,125,129,99,131,4,130,5,127],"class_list":["post-1732","post","type-post","status-publish","format-standard","has-post-thumbnail","hentry","category-novinky","category-tepla-vlna","tag-andrej-kuruc","tag-ffi","tag-film","tag-filmovy-festival-inakosti","tag-from-tepla-vlna","tag-historia","tag-podcast","tag-televizia","tag-tepla-vlna","tag-zita-hosszuova"],"_links":{"self":[{"href":"https:\/\/duhovyrok.sk\/tepla-vlna\/wp-json\/wp\/v2\/posts\/1732","targetHints":{"allow":["GET"]}}],"collection":[{"href":"https:\/\/duhovyrok.sk\/tepla-vlna\/wp-json\/wp\/v2\/posts"}],"about":[{"href":"https:\/\/duhovyrok.sk\/tepla-vlna\/wp-json\/wp\/v2\/types\/post"}],"author":[{"embeddable":true,"href":"https:\/\/duhovyrok.sk\/tepla-vlna\/wp-json\/wp\/v2\/users\/9"}],"replies":[{"embeddable":true,"href":"https:\/\/duhovyrok.sk\/tepla-vlna\/wp-json\/wp\/v2\/comments?post=1732"}],"version-history":[{"count":3,"href":"https:\/\/duhovyrok.sk\/tepla-vlna\/wp-json\/wp\/v2\/posts\/1732\/revisions"}],"predecessor-version":[{"id":1751,"href":"https:\/\/duhovyrok.sk\/tepla-vlna\/wp-json\/wp\/v2\/posts\/1732\/revisions\/1751"}],"wp:featuredmedia":[{"embeddable":true,"href":"https:\/\/duhovyrok.sk\/tepla-vlna\/wp-json\/wp\/v2\/media\/1749"}],"wp:attachment":[{"href":"https:\/\/duhovyrok.sk\/tepla-vlna\/wp-json\/wp\/v2\/media?parent=1732"}],"wp:term":[{"taxonomy":"category","embeddable":true,"href":"https:\/\/duhovyrok.sk\/tepla-vlna\/wp-json\/wp\/v2\/categories?post=1732"},{"taxonomy":"post_tag","embeddable":true,"href":"https:\/\/duhovyrok.sk\/tepla-vlna\/wp-json\/wp\/v2\/tags?post=1732"}],"curies":[{"name":"wp","href":"https:\/\/api.w.org\/{rel}","templated":true}]}}