{"id":1723,"date":"2021-12-09T11:23:12","date_gmt":"2021-12-09T10:23:12","guid":{"rendered":"https:\/\/duhovyrok.sk\/tepla-vlna\/?p=1723"},"modified":"2021-12-09T11:23:54","modified_gmt":"2021-12-09T10:23:54","slug":"do-teplej-vlny-pride-liquid-the-queen","status":"publish","type":"post","link":"https:\/\/duhovyrok.sk\/tepla-vlna\/2021\/12\/09\/do-teplej-vlny-pride-liquid-the-queen\/","title":{"rendered":"Do Teplej vlny pr\u00edde Liquid the Queen"},"content":{"rendered":"\n<p>Joey m\u00e1 23 rokov a poch\u00e1dza z juhu stredn\u00e9ho Slovenska.&nbsp;Vo svojom vo\u013enom \u010dase dabuje vide\u00e1, animuje, kresl\u00ed a spieva. Taktie\u017e pracuje v queer-friendly Tepl\u00e1rni v Bratislave. Je zakladate\u013eom skupiny House of Foundation a vystupuje ako drag queen Liquid. V r\u00e1mci svojich vyst\u00fapen\u00ed obmie\u0148a tanec, spev a \u010dinohru. <\/p>\n\n\n\n<p>Foto: Jakub Kov\u00e1\u010d <\/p>\n","protected":false},"excerpt":{"rendered":"<p>Joey m\u00e1 23 rokov a poch\u00e1dza z juhu stredn\u00e9ho Slovenska.&nbsp;Vo svojom vo\u013enom \u010dase dabuje vide\u00e1, animuje, kresl\u00ed a spieva. Taktie\u017e pracuje v queer-friendly Tepl\u00e1rni v Bratislave. Je zakladate\u013eom skupiny House <a href=\"https:\/\/duhovyrok.sk\/tepla-vlna\/2021\/12\/09\/do-teplej-vlny-pride-liquid-the-queen\/\" class=\"more-link\">&#8230;<\/a><\/p>\n","protected":false},"author":9,"featured_media":1724,"comment_status":"closed","ping_status":"open","sticky":false,"template":"","format":"standard","meta":{"footnotes":""},"categories":[3,2],"tags":[103,120,99,121,122,61,4,5],"class_list":["post-1723","post","type-post","status-publish","format-standard","has-post-thumbnail","hentry","category-novinky","category-tepla-vlna","tag-drag","tag-dragqueen","tag-from-tepla-vlna","tag-houseoffoundation","tag-liquid","tag-marek-hudec","tag-podcast","tag-tepla-vlna"],"_links":{"self":[{"href":"https:\/\/duhovyrok.sk\/tepla-vlna\/wp-json\/wp\/v2\/posts\/1723","targetHints":{"allow":["GET"]}}],"collection":[{"href":"https:\/\/duhovyrok.sk\/tepla-vlna\/wp-json\/wp\/v2\/posts"}],"about":[{"href":"https:\/\/duhovyrok.sk\/tepla-vlna\/wp-json\/wp\/v2\/types\/post"}],"author":[{"embeddable":true,"href":"https:\/\/duhovyrok.sk\/tepla-vlna\/wp-json\/wp\/v2\/users\/9"}],"replies":[{"embeddable":true,"href":"https:\/\/duhovyrok.sk\/tepla-vlna\/wp-json\/wp\/v2\/comments?post=1723"}],"version-history":[{"count":4,"href":"https:\/\/duhovyrok.sk\/tepla-vlna\/wp-json\/wp\/v2\/posts\/1723\/revisions"}],"predecessor-version":[{"id":1729,"href":"https:\/\/duhovyrok.sk\/tepla-vlna\/wp-json\/wp\/v2\/posts\/1723\/revisions\/1729"}],"wp:featuredmedia":[{"embeddable":true,"href":"https:\/\/duhovyrok.sk\/tepla-vlna\/wp-json\/wp\/v2\/media\/1724"}],"wp:attachment":[{"href":"https:\/\/duhovyrok.sk\/tepla-vlna\/wp-json\/wp\/v2\/media?parent=1723"}],"wp:term":[{"taxonomy":"category","embeddable":true,"href":"https:\/\/duhovyrok.sk\/tepla-vlna\/wp-json\/wp\/v2\/categories?post=1723"},{"taxonomy":"post_tag","embeddable":true,"href":"https:\/\/duhovyrok.sk\/tepla-vlna\/wp-json\/wp\/v2\/tags?post=1723"}],"curies":[{"name":"wp","href":"https:\/\/api.w.org\/{rel}","templated":true}]}}