{"id":1712,"date":"2021-11-25T10:16:32","date_gmt":"2021-11-25T09:16:32","guid":{"rendered":"https:\/\/duhovyrok.sk\/tepla-vlna\/?p=1712"},"modified":"2021-11-25T10:17:05","modified_gmt":"2021-11-25T09:17:05","slug":"tepla-vlna-dramaturg-mino-zvada-o-queer-kulture-v-banskej-bystrici","status":"publish","type":"post","link":"https:\/\/duhovyrok.sk\/tepla-vlna\/2021\/11\/25\/tepla-vlna-dramaturg-mino-zvada-o-queer-kulture-v-banskej-bystrici\/","title":{"rendered":"Tepl\u00e1 vlna: Dramaturg Mi\u0148o Zvada o queer kult\u00fare v Banskej Bystrici\u00a0"},"content":{"rendered":"\n<p>V Teplej vlne sme priv\u00edtali Mi\u0148a Zvadu zo <a rel=\"noreferrer noopener\" href=\"https:\/\/zahradacnk.sk\/\" target=\"_blank\">Z\u00e1hrady v Banskej Bystrici<\/a>. Prezradil n\u00e1m, ak\u00e9 to bolo vyrasta\u0165 ako gej v Ru\u017eomberku v 90-rych rokoch. Dozvedeli sme sa ako do\u0161lo k zalo\u017eeniu legend\u00e1rneho kult\u00farneho centra Z\u00e1hrada a ak\u00e9 je jeho dramaturgia. Tie\u017e porozpr\u00e1val o vzniku <a rel=\"noreferrer noopener\" href=\"https:\/\/www.facebook.com\/Inokraj-1636621256622809\" target=\"_blank\">neform\u00e1lneho zoskupenia Inokraj<\/a> a PRIDE v Banskej Bystrici a pre\u010do rob\u00ed \u017eiv\u00fa knihu na \u0161kol\u00e1ch.&nbsp;<\/p>\n\n\n\n<p>Tepl\u00fa vlnu si m\u00f4\u017eete pozrie\u0165 ni\u017e\u0161ie na <a rel=\"noreferrer noopener\" href=\"https:\/\/www.youtube.com\/watch?v=fa3DiqAD7oA\" target=\"_blank\">Youtube<\/a> alebo vypo\u010du\u0165 na&nbsp;<a rel=\"noreferrer noopener\" href=\"https:\/\/open.spotify.com\/episode\/7Gj230n5XWgACQJznlJiTe?si=SyXoJeDMQQKU3_KAgROtoQ\" target=\"_blank\">Spotify<\/a>, <a rel=\"noreferrer noopener\" href=\"https:\/\/open.spotify.com\/episode\/7Gj230n5XWgACQJznlJiTe?si=o_MmqdwCSQOiOCvXIMw5sw\" target=\"_blank\">Spreaker<\/a> a <a rel=\"noreferrer noopener\" href=\"https:\/\/podcasts.apple.com\/sk\/podcast\/dramaturg-mi%C5%88o-zvada-o-queer-kult%C3%BAre-v-banskej-bystrici\/id1507703606?i=1000542982390\" target=\"_blank\">Apple Podcasts<\/a>.<\/p>\n\n\n\n<figure class=\"wp-block-embed is-type-video is-provider-youtube wp-block-embed-youtube wp-embed-aspect-16-9 wp-has-aspect-ratio\"><div class=\"wp-block-embed__wrapper\">\n<iframe loading=\"lazy\" title=\"Tepl\u00e1 vlna: Dramaturg Mi\u0148o Zvada o queer kult\u00fare v Banskej Bystrici\" width=\"1778\" height=\"1000\" src=\"https:\/\/www.youtube.com\/embed\/fa3DiqAD7oA?feature=oembed\" frameborder=\"0\" allow=\"accelerometer; autoplay; clipboard-write; encrypted-media; gyroscope; picture-in-picture\" allowfullscreen><\/iframe>\n<\/div><\/figure>\n\n\n\n<p>Foto: Jakub Kov\u00e1\u010d<\/p>\n","protected":false},"excerpt":{"rendered":"<p>V Teplej vlne sme priv\u00edtali Mi\u0148a Zvadu zo Z\u00e1hrady v Banskej Bystrici. Prezradil n\u00e1m, ak\u00e9 to bolo vyrasta\u0165 ako gej v Ru\u017eomberku v 90-rych rokoch. Dozvedeli sme sa ako do\u0161lo <a href=\"https:\/\/duhovyrok.sk\/tepla-vlna\/2021\/11\/25\/tepla-vlna-dramaturg-mino-zvada-o-queer-kulture-v-banskej-bystrici\/\" class=\"more-link\">&#8230;<\/a><\/p>\n","protected":false},"author":2,"featured_media":1718,"comment_status":"closed","ping_status":"open","sticky":false,"template":"","format":"standard","meta":{"footnotes":""},"categories":[3,2],"tags":[18,99,118,119,116,4,117,5],"class_list":["post-1712","post","type-post","status-publish","format-standard","has-post-thumbnail","hentry","category-novinky","category-tepla-vlna","tag-andrej-kuruc","tag-from-tepla-vlna","tag-inokraj","tag-kulturne-centrum-zahrada","tag-milan-zvada","tag-podcast","tag-pride-bb","tag-tepla-vlna"],"_links":{"self":[{"href":"https:\/\/duhovyrok.sk\/tepla-vlna\/wp-json\/wp\/v2\/posts\/1712","targetHints":{"allow":["GET"]}}],"collection":[{"href":"https:\/\/duhovyrok.sk\/tepla-vlna\/wp-json\/wp\/v2\/posts"}],"about":[{"href":"https:\/\/duhovyrok.sk\/tepla-vlna\/wp-json\/wp\/v2\/types\/post"}],"author":[{"embeddable":true,"href":"https:\/\/duhovyrok.sk\/tepla-vlna\/wp-json\/wp\/v2\/users\/2"}],"replies":[{"embeddable":true,"href":"https:\/\/duhovyrok.sk\/tepla-vlna\/wp-json\/wp\/v2\/comments?post=1712"}],"version-history":[{"count":3,"href":"https:\/\/duhovyrok.sk\/tepla-vlna\/wp-json\/wp\/v2\/posts\/1712\/revisions"}],"predecessor-version":[{"id":1720,"href":"https:\/\/duhovyrok.sk\/tepla-vlna\/wp-json\/wp\/v2\/posts\/1712\/revisions\/1720"}],"wp:featuredmedia":[{"embeddable":true,"href":"https:\/\/duhovyrok.sk\/tepla-vlna\/wp-json\/wp\/v2\/media\/1718"}],"wp:attachment":[{"href":"https:\/\/duhovyrok.sk\/tepla-vlna\/wp-json\/wp\/v2\/media?parent=1712"}],"wp:term":[{"taxonomy":"category","embeddable":true,"href":"https:\/\/duhovyrok.sk\/tepla-vlna\/wp-json\/wp\/v2\/categories?post=1712"},{"taxonomy":"post_tag","embeddable":true,"href":"https:\/\/duhovyrok.sk\/tepla-vlna\/wp-json\/wp\/v2\/tags?post=1712"}],"curies":[{"name":"wp","href":"https:\/\/api.w.org\/{rel}","templated":true}]}}