{"id":1709,"date":"2021-11-17T12:48:08","date_gmt":"2021-11-17T11:48:08","guid":{"rendered":"https:\/\/duhovyrok.sk\/tepla-vlna\/?p=1709"},"modified":"2021-11-18T10:22:34","modified_gmt":"2021-11-18T09:22:34","slug":"mino-zvada-hostom-v-teplej-vlne","status":"publish","type":"post","link":"https:\/\/duhovyrok.sk\/tepla-vlna\/2021\/11\/17\/mino-zvada-hostom-v-teplej-vlne\/","title":{"rendered":"Mi\u0148o Zvada hos\u0165om v Teplej vlne"},"content":{"rendered":"\n<p>Mi\u0148o Zvada je riadite\u013e, projektov\u00fd mana\u017e\u00e9r, dramaturg kult\u00farneho centra <a rel=\"noreferrer noopener\" href=\"https:\/\/zahradacnk.sk\/\" target=\"_blank\">Z\u00e1hrada v Banskej Bystrici<\/a>, u\u010dite\u013e, tie\u017e je s\u00fa\u010das\u0165ou <a rel=\"noreferrer noopener\" href=\"https:\/\/www.facebook.com\/Inokraj-1636621256622809\" target=\"_blank\">t\u00edmu Pridu Bansk\u00e1 Bystrica<\/a> a vystupuje ako \u017eiv\u00e1 kniha v r\u00e1mci vzdel\u00e1vania stredo\u0161kol\u00e1kov a stredo\u0161kol\u00e1\u010dok <a rel=\"noreferrer noopener\" href=\"https:\/\/www.amnesty.sk\/\" target=\"_blank\">Amnesty International<\/a>.<\/p>\n\n\n\n<p>Foto: Jakub Kov\u00e1\u010d<\/p>\n","protected":false},"excerpt":{"rendered":"<p>Mi\u0148o Zvada je riadite\u013e, projektov\u00fd mana\u017e\u00e9r, dramaturg kult\u00farneho centra Z\u00e1hrada v Banskej Bystrici, u\u010dite\u013e, tie\u017e je s\u00fa\u010das\u0165ou t\u00edmu Pridu Bansk\u00e1 Bystrica a vystupuje ako \u017eiv\u00e1 kniha v r\u00e1mci vzdel\u00e1vania stredo\u0161kol\u00e1kov <a href=\"https:\/\/duhovyrok.sk\/tepla-vlna\/2021\/11\/17\/mino-zvada-hostom-v-teplej-vlne\/\" class=\"more-link\">&#8230;<\/a><\/p>\n","protected":false},"author":2,"featured_media":1710,"comment_status":"closed","ping_status":"open","sticky":false,"template":"","format":"standard","meta":{"footnotes":""},"categories":[3,2],"tags":[18,99,119,116,27,117,24,5],"class_list":["post-1709","post","type-post","status-publish","format-standard","has-post-thumbnail","hentry","category-novinky","category-tepla-vlna","tag-andrej-kuruc","tag-from-tepla-vlna","tag-kulturne-centrum-zahrada","tag-milan-zvada","tag-pride","tag-pride-bb","tag-queer-kultura","tag-tepla-vlna"],"_links":{"self":[{"href":"https:\/\/duhovyrok.sk\/tepla-vlna\/wp-json\/wp\/v2\/posts\/1709","targetHints":{"allow":["GET"]}}],"collection":[{"href":"https:\/\/duhovyrok.sk\/tepla-vlna\/wp-json\/wp\/v2\/posts"}],"about":[{"href":"https:\/\/duhovyrok.sk\/tepla-vlna\/wp-json\/wp\/v2\/types\/post"}],"author":[{"embeddable":true,"href":"https:\/\/duhovyrok.sk\/tepla-vlna\/wp-json\/wp\/v2\/users\/2"}],"replies":[{"embeddable":true,"href":"https:\/\/duhovyrok.sk\/tepla-vlna\/wp-json\/wp\/v2\/comments?post=1709"}],"version-history":[{"count":2,"href":"https:\/\/duhovyrok.sk\/tepla-vlna\/wp-json\/wp\/v2\/posts\/1709\/revisions"}],"predecessor-version":[{"id":1715,"href":"https:\/\/duhovyrok.sk\/tepla-vlna\/wp-json\/wp\/v2\/posts\/1709\/revisions\/1715"}],"wp:featuredmedia":[{"embeddable":true,"href":"https:\/\/duhovyrok.sk\/tepla-vlna\/wp-json\/wp\/v2\/media\/1710"}],"wp:attachment":[{"href":"https:\/\/duhovyrok.sk\/tepla-vlna\/wp-json\/wp\/v2\/media?parent=1709"}],"wp:term":[{"taxonomy":"category","embeddable":true,"href":"https:\/\/duhovyrok.sk\/tepla-vlna\/wp-json\/wp\/v2\/categories?post=1709"},{"taxonomy":"post_tag","embeddable":true,"href":"https:\/\/duhovyrok.sk\/tepla-vlna\/wp-json\/wp\/v2\/tags?post=1709"}],"curies":[{"name":"wp","href":"https:\/\/api.w.org\/{rel}","templated":true}]}}