{"id":1691,"date":"2021-11-04T11:50:00","date_gmt":"2021-11-04T10:50:00","guid":{"rendered":"https:\/\/duhovyrok.sk\/tepla-vlna\/?p=1691"},"modified":"2021-11-04T13:20:04","modified_gmt":"2021-11-04T12:20:04","slug":"tepla-vlna-stoji-za-teplou-vlnou-na-vychode-aktivista-robert-furiel","status":"publish","type":"post","link":"https:\/\/duhovyrok.sk\/tepla-vlna\/2021\/11\/04\/tepla-vlna-stoji-za-teplou-vlnou-na-vychode-aktivista-robert-furiel\/","title":{"rendered":"Tepl\u00e1 vlna: Stoj\u00ed za teplou vlnou na v\u00fdchode \u2013 aktivista R\u00f3bert Furiel"},"content":{"rendered":"\n<p>V Teplej vlne sme priv\u00edtali aktivistu a riadite\u013ea <a rel=\"noreferrer noopener\" href=\"https:\/\/www.saplinq.org\/\" target=\"_blank\">zdru\u017eenia Saplinq<\/a>. Porozpr\u00e1val n\u00e1m, ak\u00fd bol jeho coming out a ak\u00fa mal cestu k aktivizmu. Prezradil tie\u017e, pre\u010do sa rozhodol organizova\u0165 queer aktivity na v\u00fdchode a \u010di je to in\u00e9 v porovnan\u00ed s Bratislavou. Pospom\u00ednal ak\u00e9 boli za\u010diatky <a rel=\"noreferrer noopener\" href=\"https:\/\/www.pridekosice.sk\/\" target=\"_blank\">Pridu Ko\u0161ice<\/a>, a kam smeruje.<\/p>\n\n\n\n<p>&nbsp;Tepl\u00fa vlnu si m\u00f4\u017ee\u0161 pozrie\u0165 na na\u0161om <a href=\"https:\/\/youtu.be\/6vHBKC8QiCg\" target=\"_blank\" rel=\"noreferrer noopener\"><strong>Youtube<\/strong><\/a> alebo vypo\u010du\u0165 na&nbsp;<strong><a href=\"https:\/\/open.spotify.com\/episode\/23du2M2iEDDKV9JO569iD9?si=a754742a7408419d\" target=\"_blank\" rel=\"noreferrer noopener\">Spotify<\/a><\/strong>,&nbsp;<strong><a href=\"https:\/\/www.spreaker.com\/user\/14596367\/furiel\" target=\"_blank\" rel=\"noreferrer noopener\">Spreaker<\/a><\/strong>&nbsp;a&nbsp;<strong><a href=\"https:\/\/podcasts.apple.com\/sk\/podcast\/stoj%C3%AD-za-teplou-vlnou-na-v%C3%BDchode-aktivista-r%C3%B3bert-furiel\/id1507703606?i=1000540729812\" target=\"_blank\" rel=\"noreferrer noopener\">Apple Podcasts<\/a><\/strong>.<\/p>\n\n\n\n<figure class=\"wp-block-embed is-type-video is-provider-youtube wp-block-embed-youtube wp-embed-aspect-16-9 wp-has-aspect-ratio\"><div class=\"wp-block-embed__wrapper\">\n<iframe loading=\"lazy\" title=\"Tepl\u00e1 vlna: Stoj\u00ed za teplou vlnou na v\u00fdchode \u2013 aktivista R\u00f3bert Furiel\" width=\"1778\" height=\"1000\" src=\"https:\/\/www.youtube.com\/embed\/6vHBKC8QiCg?feature=oembed\" frameborder=\"0\" allow=\"accelerometer; autoplay; clipboard-write; encrypted-media; gyroscope; picture-in-picture\" allowfullscreen><\/iframe>\n<\/div><\/figure>\n\n\n\n<p>Foto: Jakub Kov\u00e1\u010d<\/p>\n","protected":false},"excerpt":{"rendered":"<p>V Teplej vlne sme priv\u00edtali aktivistu a riadite\u013ea zdru\u017eenia Saplinq. Porozpr\u00e1val n\u00e1m, ak\u00fd bol jeho coming out a ak\u00fa mal cestu k aktivizmu. Prezradil tie\u017e, pre\u010do sa rozhodol organizova\u0165 queer <a href=\"https:\/\/duhovyrok.sk\/tepla-vlna\/2021\/11\/04\/tepla-vlna-stoji-za-teplou-vlnou-na-vychode-aktivista-robert-furiel\/\" class=\"more-link\">&#8230;<\/a><\/p>\n","protected":false},"author":2,"featured_media":1692,"comment_status":"closed","ping_status":"open","sticky":false,"template":"","format":"standard","meta":{"footnotes":""},"categories":[3,2],"tags":[112,18,99,4,108,109,113],"class_list":["post-1691","post","type-post","status-publish","format-standard","has-post-thumbnail","hentry","category-novinky","category-tepla-vlna","tag-aktivizmus","tag-andrej-kuruc","tag-from-tepla-vlna","tag-podcast","tag-pride-kosice","tag-prizma-kosice","tag-robert-furiel"],"_links":{"self":[{"href":"https:\/\/duhovyrok.sk\/tepla-vlna\/wp-json\/wp\/v2\/posts\/1691","targetHints":{"allow":["GET"]}}],"collection":[{"href":"https:\/\/duhovyrok.sk\/tepla-vlna\/wp-json\/wp\/v2\/posts"}],"about":[{"href":"https:\/\/duhovyrok.sk\/tepla-vlna\/wp-json\/wp\/v2\/types\/post"}],"author":[{"embeddable":true,"href":"https:\/\/duhovyrok.sk\/tepla-vlna\/wp-json\/wp\/v2\/users\/2"}],"replies":[{"embeddable":true,"href":"https:\/\/duhovyrok.sk\/tepla-vlna\/wp-json\/wp\/v2\/comments?post=1691"}],"version-history":[{"count":6,"href":"https:\/\/duhovyrok.sk\/tepla-vlna\/wp-json\/wp\/v2\/posts\/1691\/revisions"}],"predecessor-version":[{"id":1700,"href":"https:\/\/duhovyrok.sk\/tepla-vlna\/wp-json\/wp\/v2\/posts\/1691\/revisions\/1700"}],"wp:featuredmedia":[{"embeddable":true,"href":"https:\/\/duhovyrok.sk\/tepla-vlna\/wp-json\/wp\/v2\/media\/1692"}],"wp:attachment":[{"href":"https:\/\/duhovyrok.sk\/tepla-vlna\/wp-json\/wp\/v2\/media?parent=1691"}],"wp:term":[{"taxonomy":"category","embeddable":true,"href":"https:\/\/duhovyrok.sk\/tepla-vlna\/wp-json\/wp\/v2\/categories?post=1691"},{"taxonomy":"post_tag","embeddable":true,"href":"https:\/\/duhovyrok.sk\/tepla-vlna\/wp-json\/wp\/v2\/tags?post=1691"}],"curies":[{"name":"wp","href":"https:\/\/api.w.org\/{rel}","templated":true}]}}