{"id":1688,"date":"2021-10-29T11:44:08","date_gmt":"2021-10-29T09:44:08","guid":{"rendered":"https:\/\/duhovyrok.sk\/tepla-vlna\/?p=1688"},"modified":"2021-10-31T11:51:50","modified_gmt":"2021-10-31T10:51:50","slug":"do-teplej-vlny-pride-riaditel-zdruzenia-saplinq-a-organizator-pride-kosice","status":"publish","type":"post","link":"https:\/\/duhovyrok.sk\/tepla-vlna\/2021\/10\/29\/do-teplej-vlny-pride-riaditel-zdruzenia-saplinq-a-organizator-pride-kosice\/","title":{"rendered":"Do Teplej vlny pr\u00edde riadite\u013e zdru\u017eenia Saplinq a organiz\u00e1tor PRIDE Ko\u0161ice"},"content":{"rendered":"\n<p>R\u00f3bert Furiel, riadite\u013e zdru\u017eenia Saplinq sa od konca strednej \u0161koly venuje r\u00f4znym form\u00e1m \u013eudskopr\u00e1vneho aktivizmu so zameran\u00edm na pr\u00e1va LGBT \u013eud\u00ed. Akt\u00edvne p\u00f4sobil viac ako tri roky v \u0161tudentskom LGBT zdru\u017een\u00ed Charlie na Karlovej univerzite v Prahe, je zakladaj\u00facim \u010dlenom D\u00fahov\u00e9ho PRIDE Bratislava, kde tie\u017e tri roky p\u00f4sobil. Jeho zdru\u017eenie Saplinq sa venuje trom hlavn\u00fdm oblastiam \u010dinnost\u00ed \u2013 organizuje festival a sprievod <a href=\"https:\/\/www.facebook.com\/PRIDEkosice\/?__cft__[0]=AZXHojIqp6PXAkq8_S3uWiL1E-wMrzdVNf6c7OqxgnIpEi2IW1_eqPOD1eSzdpvqa3qJDALHd9jtzEOYKxQnrIi8IO2LE37shXu0BBR8APXeAcmVtMNniTBok1mnR0A_1CxVt4EDgy3PPuXZcDWuVbKLQnC_PeC3ksdQQJc1ZUONUlgFCpRCaPaLcZ23AY7FdeA&amp;__tn__=kK-R\">PRIDE Ko\u0161ice<\/a>, prev\u00e1dzkuje komunitn\u00e9 a poradensk\u00e9 centrum pre LGBT+ \u013eud\u00ed PRIZMA a ka\u017edoro\u010dne realizuje medzin\u00e1rodn\u00e9 \u0161kolenia pre mlad\u00fdch \u013eud\u00ed a pracovn\u00edkov s ml\u00e1de\u017eou na LGBT+ t\u00e9my. Okrem toho je \u0161kolite\u013eom neform\u00e1lneho vzdel\u00e1vania. Venuje sa projektov\u00e9mu managementu, grantov\u00e9mu fundraisingu a power-networkingu. Medzi jeho v\u00e1\u0161ne patr\u00ed \u010d\u00edtanie, vzdel\u00e1vanie sa a menenie sveta k lep\u0161iemu. Viac o aktivit\u00e1ch sa dozviete: <a rel=\"noreferrer noopener\" href=\"http:\/\/www.saplinq.org\/?fbclid=IwAR0oWn-mB7iu4vdtaf5RMuV_RHyMYJJrurWJtqasHppgDspIHATH7EfSf8o\" target=\"_blank\">www.saplinq.org<\/a>, <a rel=\"noreferrer noopener\" href=\"http:\/\/www.pridekosice.sk\/?fbclid=IwAR3mAuPcI_eVSlMg17rYFf8iJqBP-hqI6IM7YCsXmQCNJ2I33LwR9heXl2Q\" target=\"_blank\">www.pridekosice.sk<\/a> a <a rel=\"noreferrer noopener\" href=\"http:\/\/www.prizma-kosice.sk\/?fbclid=IwAR2z_jG4B6d01zV2Th8L4LsIkj-XnDyFAPQ9i8xB6Nviuh6Q31jJZbn5Q78\" target=\"_blank\">www.prizma-kosice.sk<\/a><\/p>\n\n\n\n<p>Video pozv\u00e1nku na nov\u00fd diel Teplej vlny si m\u00f4\u017ee\u0161 pozrie\u0165 na na\u0161om <a href=\"https:\/\/www.facebook.com\/duhovyrok\/videos\/607668667318901\" target=\"_blank\" rel=\"noreferrer noopener\">Facebookovom profile D\u00fahov\u00fd rok<\/a>.<\/p>\n","protected":false},"excerpt":{"rendered":"<p>R\u00f3bert Furiel, riadite\u013e zdru\u017eenia Saplinq sa od konca strednej \u0161koly venuje r\u00f4znym form\u00e1m \u013eudskopr\u00e1vneho aktivizmu so zameran\u00edm na pr\u00e1va LGBT \u013eud\u00ed. Akt\u00edvne p\u00f4sobil viac ako tri roky v \u0161tudentskom LGBT <a href=\"https:\/\/duhovyrok.sk\/tepla-vlna\/2021\/10\/29\/do-teplej-vlny-pride-riaditel-zdruzenia-saplinq-a-organizator-pride-kosice\/\" class=\"more-link\">&#8230;<\/a><\/p>\n","protected":false},"author":2,"featured_media":1689,"comment_status":"closed","ping_status":"open","sticky":false,"template":"","format":"standard","meta":{"footnotes":""},"categories":[3,2],"tags":[112,25,99,4,114,108,109,113],"class_list":["post-1688","post","type-post","status-publish","format-standard","has-post-thumbnail","hentry","category-novinky","category-tepla-vlna","tag-aktivizmus","tag-duhovy-pride-bratislava","tag-from-tepla-vlna","tag-podcast","tag-pozvanka","tag-pride-kosice","tag-prizma-kosice","tag-robert-furiel"],"_links":{"self":[{"href":"https:\/\/duhovyrok.sk\/tepla-vlna\/wp-json\/wp\/v2\/posts\/1688","targetHints":{"allow":["GET"]}}],"collection":[{"href":"https:\/\/duhovyrok.sk\/tepla-vlna\/wp-json\/wp\/v2\/posts"}],"about":[{"href":"https:\/\/duhovyrok.sk\/tepla-vlna\/wp-json\/wp\/v2\/types\/post"}],"author":[{"embeddable":true,"href":"https:\/\/duhovyrok.sk\/tepla-vlna\/wp-json\/wp\/v2\/users\/2"}],"replies":[{"embeddable":true,"href":"https:\/\/duhovyrok.sk\/tepla-vlna\/wp-json\/wp\/v2\/comments?post=1688"}],"version-history":[{"count":1,"href":"https:\/\/duhovyrok.sk\/tepla-vlna\/wp-json\/wp\/v2\/posts\/1688\/revisions"}],"predecessor-version":[{"id":1690,"href":"https:\/\/duhovyrok.sk\/tepla-vlna\/wp-json\/wp\/v2\/posts\/1688\/revisions\/1690"}],"wp:featuredmedia":[{"embeddable":true,"href":"https:\/\/duhovyrok.sk\/tepla-vlna\/wp-json\/wp\/v2\/media\/1689"}],"wp:attachment":[{"href":"https:\/\/duhovyrok.sk\/tepla-vlna\/wp-json\/wp\/v2\/media?parent=1688"}],"wp:term":[{"taxonomy":"category","embeddable":true,"href":"https:\/\/duhovyrok.sk\/tepla-vlna\/wp-json\/wp\/v2\/categories?post=1688"},{"taxonomy":"post_tag","embeddable":true,"href":"https:\/\/duhovyrok.sk\/tepla-vlna\/wp-json\/wp\/v2\/tags?post=1688"}],"curies":[{"name":"wp","href":"https:\/\/api.w.org\/{rel}","templated":true}]}}