{"id":1682,"date":"2021-10-05T10:56:00","date_gmt":"2021-10-05T08:56:00","guid":{"rendered":"https:\/\/duhovyrok.sk\/tepla-vlna\/?p=1682"},"modified":"2021-10-05T10:57:58","modified_gmt":"2021-10-05T08:57:58","slug":"tepla-vlna-lukas-blaha-mlady-a-pestry-queer-umelec-z-vychodu","status":"publish","type":"post","link":"https:\/\/duhovyrok.sk\/tepla-vlna\/2021\/10\/05\/tepla-vlna-lukas-blaha-mlady-a-pestry-queer-umelec-z-vychodu\/","title":{"rendered":"Tepl\u00e1 vlna: Luk\u00e1\u0161 Bl\u00e1ha \u2013 mlad\u00fd a pestr\u00fd queer umelec z v\u00fdchodu"},"content":{"rendered":"\n<p>Do Teplej vlny priniesol vlnu radosti mlad\u00fd queer umelec Luk\u00e1\u0161 Bl\u00e1ha. Porozpr\u00e1val n\u00e1m o&nbsp;svojom coming oute. O&nbsp;tom ako na neho reaguje rodina a&nbsp;okolie. Kedy sa za\u010dal venova\u0165 umeniu. Prezradil, pre\u010do mu rob\u00ed rados\u0165 make up na tv\u00e1ri a&nbsp;ak\u00e9 to je spolupodie\u013ea\u0165 sa na organizovan\u00ed <a href=\"https:\/\/www.pridekosice.sk\/\" target=\"_blank\" rel=\"noreferrer noopener\">Pride Ko\u0161ice<\/a>.<\/p>\n\n\n\n<p>Tepl\u00fa vlnu si m\u00f4\u017eete pozrie\u0165 na linku ni\u017e\u0161ie alebo vypo\u010du\u0165 na <strong><a href=\"https:\/\/open.spotify.com\/episode\/6dxuFb1RjMuC0PP7mtxcAk?si=5U-C0WjnSpaSFNYlV0i0MA&amp;dl_branch=1\" target=\"_blank\" rel=\"noreferrer noopener\">Spotify<\/a><\/strong>, <strong><a href=\"https:\/\/podcasts.apple.com\/sk\/podcast\/luk%C3%A1%C5%A1-bl%C3%A1ha-mlad%C3%BD-a-pestr%C3%BD-queer-umelec-z-v%C3%BDchodu\/id1507703606?i=1000537508032\" target=\"_blank\" rel=\"noreferrer noopener\">Apple Podcasts<\/a><\/strong> a <strong><a href=\"https:\/\/www.spreaker.com\/user\/14596367\/tepla-vlna-ep25\" target=\"_blank\" rel=\"noreferrer noopener\">Spreaker<\/a><\/strong>.<\/p>\n\n\n\n<figure class=\"wp-block-embed is-type-video is-provider-youtube wp-block-embed-youtube wp-embed-aspect-16-9 wp-has-aspect-ratio\"><div class=\"wp-block-embed__wrapper\">\n<iframe loading=\"lazy\" title=\"Tepl\u00e1 vlna: Luk\u00e1\u0161 Bl\u00e1ha \u2013 mlad\u00fd a\u00a0pestr\u00fd queer umelec z v\u00fdchodu\" width=\"1778\" height=\"1000\" src=\"https:\/\/www.youtube.com\/embed\/YWD_m9mFZMk?feature=oembed\" frameborder=\"0\" allow=\"accelerometer; autoplay; clipboard-write; encrypted-media; gyroscope; picture-in-picture\" allowfullscreen><\/iframe>\n<\/div><\/figure>\n\n\n\n<p>Foto: Jakub Kov\u00e1\u010d<\/p>\n","protected":false},"excerpt":{"rendered":"<p>Do Teplej vlny priniesol vlnu radosti mlad\u00fd queer umelec Luk\u00e1\u0161 Bl\u00e1ha. Porozpr\u00e1val n\u00e1m o&nbsp;svojom coming oute. O&nbsp;tom ako na neho reaguje rodina a&nbsp;okolie. Kedy sa za\u010dal venova\u0165 umeniu. Prezradil, pre\u010do <a href=\"https:\/\/duhovyrok.sk\/tepla-vlna\/2021\/10\/05\/tepla-vlna-lukas-blaha-mlady-a-pestry-queer-umelec-z-vychodu\/\" class=\"more-link\">&#8230;<\/a><\/p>\n","protected":false},"author":2,"featured_media":1683,"comment_status":"closed","ping_status":"open","sticky":false,"template":"","format":"standard","meta":{"footnotes":""},"categories":[3,2],"tags":[112,18,99,58,110,4,108,107,5],"class_list":["post-1682","post","type-post","status-publish","format-standard","has-post-thumbnail","hentry","category-novinky","category-tepla-vlna","tag-aktivizmus","tag-andrej-kuruc","tag-from-tepla-vlna","tag-lgbti","tag-lukas-blaha","tag-podcast","tag-pride-kosice","tag-queer-komunita","tag-tepla-vlna"],"_links":{"self":[{"href":"https:\/\/duhovyrok.sk\/tepla-vlna\/wp-json\/wp\/v2\/posts\/1682","targetHints":{"allow":["GET"]}}],"collection":[{"href":"https:\/\/duhovyrok.sk\/tepla-vlna\/wp-json\/wp\/v2\/posts"}],"about":[{"href":"https:\/\/duhovyrok.sk\/tepla-vlna\/wp-json\/wp\/v2\/types\/post"}],"author":[{"embeddable":true,"href":"https:\/\/duhovyrok.sk\/tepla-vlna\/wp-json\/wp\/v2\/users\/2"}],"replies":[{"embeddable":true,"href":"https:\/\/duhovyrok.sk\/tepla-vlna\/wp-json\/wp\/v2\/comments?post=1682"}],"version-history":[{"count":2,"href":"https:\/\/duhovyrok.sk\/tepla-vlna\/wp-json\/wp\/v2\/posts\/1682\/revisions"}],"predecessor-version":[{"id":1686,"href":"https:\/\/duhovyrok.sk\/tepla-vlna\/wp-json\/wp\/v2\/posts\/1682\/revisions\/1686"}],"wp:featuredmedia":[{"embeddable":true,"href":"https:\/\/duhovyrok.sk\/tepla-vlna\/wp-json\/wp\/v2\/media\/1683"}],"wp:attachment":[{"href":"https:\/\/duhovyrok.sk\/tepla-vlna\/wp-json\/wp\/v2\/media?parent=1682"}],"wp:term":[{"taxonomy":"category","embeddable":true,"href":"https:\/\/duhovyrok.sk\/tepla-vlna\/wp-json\/wp\/v2\/categories?post=1682"},{"taxonomy":"post_tag","embeddable":true,"href":"https:\/\/duhovyrok.sk\/tepla-vlna\/wp-json\/wp\/v2\/tags?post=1682"}],"curies":[{"name":"wp","href":"https:\/\/api.w.org\/{rel}","templated":true}]}}