{"id":1666,"date":"2021-09-16T12:20:00","date_gmt":"2021-09-16T10:20:00","guid":{"rendered":"https:\/\/duhovyrok.sk\/tepla-vlna\/?p=1666"},"modified":"2021-09-17T23:09:54","modified_gmt":"2021-09-17T21:09:54","slug":"tepla-vlna-zara-kromkova-uzasna-zena-aktivistka-a-mentorka-lgbti-ludi","status":"publish","type":"post","link":"https:\/\/duhovyrok.sk\/tepla-vlna\/2021\/09\/16\/tepla-vlna-zara-kromkova-uzasna-zena-aktivistka-a-mentorka-lgbti-ludi\/","title":{"rendered":"Tepl\u00e1 vlna: Zara Kromkov\u00e1 \u2013 \u00fa\u017easn\u00e1 \u017eena, aktivistka a mentorka LGBTI \u013eud\u00ed"},"content":{"rendered":"\n<p>V teplej vlne sme sa porozpr\u00e1vali s komunitnou pracovn\u00ed\u010dkou Zarou Kromkovou. Zara n\u00e1m prezradila ako sa dostala k boju za \u013eudsk\u00e9 pr\u00e1va queer komunity. Porozpr\u00e1vala o svojej ceste za t\u00fdm, \u010do vn\u00fatorne c\u00edtila a o jej tranz\u00edcii. Predostrela ak\u00fatne \u0165a\u017ekosti \u017eivota transrodov\u00fdch \u013eud\u00ed na Slovensku. Pop\u00edsala, \u010domu sa venuje v poradni <a href=\"https:\/\/www.prizma-kosice.sk\/\">PRIZMA Ko\u0161ice<\/a> a v r\u00e1mci <a href=\"https:\/\/www.pridekosice.sk\/\">Pridu Ko\u0161ice<\/a>.<\/p>\n\n\n\n<p>Tepl\u00fa vlnu si m\u00f4\u017eete pozrie\u0165 na linku ni\u017e\u0161ie alebo vypo\u010du\u0165 na&nbsp;<a href=\"https:\/\/open.spotify.com\/episode\/10ivfPajPcLuxmZIbJxgOi?si=V3ztHpUdTuKCN0iWzmFRJQ&amp;dl_branch=1\" target=\"_blank\" rel=\"noreferrer noopener\">Spotify<\/a>,&nbsp;<a href=\"https:\/\/podcasts.apple.com\/sk\/podcast\/zara-kromkov%C3%A1-%C3%BA%C5%BEasn%C3%A1-%C5%BEena-aktivistka-a-mentorka-lgbti-%C4%BEud%C3%AD\/id1507703606?i=1000535566368\" target=\"_blank\" rel=\"noreferrer noopener\">Apple Podcasts<\/a>&nbsp;a&nbsp;<a href=\"https:\/\/www.spreaker.com\/user\/14596367\/tepla-vlna-ep24\" target=\"_blank\" rel=\"noreferrer noopener\">Spreaker<\/a>.<\/p>\n\n\n\n<figure class=\"wp-block-embed is-type-video is-provider-youtube wp-block-embed-youtube wp-embed-aspect-16-9 wp-has-aspect-ratio\"><div class=\"wp-block-embed__wrapper\">\n<iframe loading=\"lazy\" title=\"Tepl\u00e1 vlna: Zara Kromkov\u00e1 \u2013 \u00fa\u017easn\u00e1 \u017eena, aktivistka a mentorka LGBTI \u013eud\u00ed\" width=\"1778\" height=\"1000\" src=\"https:\/\/www.youtube.com\/embed\/_S-9Zvkt9sc?feature=oembed\" frameborder=\"0\" allow=\"accelerometer; autoplay; clipboard-write; encrypted-media; gyroscope; picture-in-picture\" allowfullscreen><\/iframe>\n<\/div><\/figure>\n\n\n\n<p>Foto: Jakub Kov\u00e1\u010d<\/p>\n","protected":false},"excerpt":{"rendered":"<p>V teplej vlne sme sa porozpr\u00e1vali s komunitnou pracovn\u00ed\u010dkou Zarou Kromkovou. Zara n\u00e1m prezradila ako sa dostala k boju za \u013eudsk\u00e9 pr\u00e1va queer komunity. Porozpr\u00e1vala o svojej ceste za t\u00fdm, <a href=\"https:\/\/duhovyrok.sk\/tepla-vlna\/2021\/09\/16\/tepla-vlna-zara-kromkova-uzasna-zena-aktivistka-a-mentorka-lgbti-ludi\/\" class=\"more-link\">&#8230;<\/a><\/p>\n","protected":false},"author":2,"featured_media":1667,"comment_status":"closed","ping_status":"open","sticky":false,"template":"","format":"standard","meta":{"footnotes":""},"categories":[3,2],"tags":[38,18,99,36,4,108,109,107,5,106],"class_list":["post-1666","post","type-post","status-publish","format-standard","has-post-thumbnail","hentry","category-novinky","category-tepla-vlna","tag-aktivistka","tag-andrej-kuruc","tag-from-tepla-vlna","tag-lgbti-aktivistka","tag-podcast","tag-pride-kosice","tag-prizma-kosice","tag-queer-komunita","tag-tepla-vlna","tag-zara-kromkova"],"_links":{"self":[{"href":"https:\/\/duhovyrok.sk\/tepla-vlna\/wp-json\/wp\/v2\/posts\/1666","targetHints":{"allow":["GET"]}}],"collection":[{"href":"https:\/\/duhovyrok.sk\/tepla-vlna\/wp-json\/wp\/v2\/posts"}],"about":[{"href":"https:\/\/duhovyrok.sk\/tepla-vlna\/wp-json\/wp\/v2\/types\/post"}],"author":[{"embeddable":true,"href":"https:\/\/duhovyrok.sk\/tepla-vlna\/wp-json\/wp\/v2\/users\/2"}],"replies":[{"embeddable":true,"href":"https:\/\/duhovyrok.sk\/tepla-vlna\/wp-json\/wp\/v2\/comments?post=1666"}],"version-history":[{"count":4,"href":"https:\/\/duhovyrok.sk\/tepla-vlna\/wp-json\/wp\/v2\/posts\/1666\/revisions"}],"predecessor-version":[{"id":1674,"href":"https:\/\/duhovyrok.sk\/tepla-vlna\/wp-json\/wp\/v2\/posts\/1666\/revisions\/1674"}],"wp:featuredmedia":[{"embeddable":true,"href":"https:\/\/duhovyrok.sk\/tepla-vlna\/wp-json\/wp\/v2\/media\/1667"}],"wp:attachment":[{"href":"https:\/\/duhovyrok.sk\/tepla-vlna\/wp-json\/wp\/v2\/media?parent=1666"}],"wp:term":[{"taxonomy":"category","embeddable":true,"href":"https:\/\/duhovyrok.sk\/tepla-vlna\/wp-json\/wp\/v2\/categories?post=1666"},{"taxonomy":"post_tag","embeddable":true,"href":"https:\/\/duhovyrok.sk\/tepla-vlna\/wp-json\/wp\/v2\/tags?post=1666"}],"curies":[{"name":"wp","href":"https:\/\/api.w.org\/{rel}","templated":true}]}}