{"id":1663,"date":"2021-09-15T12:00:00","date_gmt":"2021-09-15T10:00:00","guid":{"rendered":"https:\/\/duhovyrok.sk\/tepla-vlna\/?p=1663"},"modified":"2021-09-17T12:21:04","modified_gmt":"2021-09-17T10:21:04","slug":"v-teplej-vlne-vyspovedame-aktivistku-a-mentorku-lgbti-ludi-zaru-kromkovu","status":"publish","type":"post","link":"https:\/\/duhovyrok.sk\/tepla-vlna\/2021\/09\/15\/v-teplej-vlne-vyspovedame-aktivistku-a-mentorku-lgbti-ludi-zaru-kromkovu\/","title":{"rendered":"V teplej vlne vyspoved\u00e1me aktivistku a mentorku LGBTI \u013eud\u00ed Zaru Kromkov\u00fa"},"content":{"rendered":"\n<p>Zara Kromkov\u00e1 sa narodila v Spi\u0161skej Novej Vsi, kde aj \u017eije. V roku 2014 ve\u013emi opatrne za\u010dala nahliada\u0165 do oblasti pr\u00e1v LGBTI \u013eud\u00ed a naplno sa tejto \u010dinnosti venuje od roku 2015. V s\u00fa\u010dasnosti pracuje ako komunitn\u00e1 pracovn\u00ed\u010dka v komunitnom a poradenskom centre PRIZMA v Ko\u0161iciach a podie\u013ea sa na dobrovo\u013en\u00edckom programe PRIDEu Ko\u0161ice. Je zn\u00e1mou aktivistkou za \u013eudsk\u00e9 pr\u00e1va transrodov\u00fdch \u013eud\u00ed.<\/p>\n\n\n\n<p>Foto: Jakub Kov\u00e1\u010d<\/p>\n","protected":false},"excerpt":{"rendered":"<p>Zara Kromkov\u00e1 sa narodila v Spi\u0161skej Novej Vsi, kde aj \u017eije. V roku 2014 ve\u013emi opatrne za\u010dala nahliada\u0165 do oblasti pr\u00e1v LGBTI \u013eud\u00ed a naplno sa tejto \u010dinnosti venuje od <a href=\"https:\/\/duhovyrok.sk\/tepla-vlna\/2021\/09\/15\/v-teplej-vlne-vyspovedame-aktivistku-a-mentorku-lgbti-ludi-zaru-kromkovu\/\" class=\"more-link\">&#8230;<\/a><\/p>\n","protected":false},"author":2,"featured_media":1664,"comment_status":"closed","ping_status":"open","sticky":false,"template":"","format":"standard","meta":{"footnotes":""},"categories":[3,2],"tags":[38,18,99,36,4,108,109,107,5,106],"class_list":["post-1663","post","type-post","status-publish","format-standard","has-post-thumbnail","hentry","category-novinky","category-tepla-vlna","tag-aktivistka","tag-andrej-kuruc","tag-from-tepla-vlna","tag-lgbti-aktivistka","tag-podcast","tag-pride-kosice","tag-prizma-kosice","tag-queer-komunita","tag-tepla-vlna","tag-zara-kromkova"],"_links":{"self":[{"href":"https:\/\/duhovyrok.sk\/tepla-vlna\/wp-json\/wp\/v2\/posts\/1663","targetHints":{"allow":["GET"]}}],"collection":[{"href":"https:\/\/duhovyrok.sk\/tepla-vlna\/wp-json\/wp\/v2\/posts"}],"about":[{"href":"https:\/\/duhovyrok.sk\/tepla-vlna\/wp-json\/wp\/v2\/types\/post"}],"author":[{"embeddable":true,"href":"https:\/\/duhovyrok.sk\/tepla-vlna\/wp-json\/wp\/v2\/users\/2"}],"replies":[{"embeddable":true,"href":"https:\/\/duhovyrok.sk\/tepla-vlna\/wp-json\/wp\/v2\/comments?post=1663"}],"version-history":[{"count":2,"href":"https:\/\/duhovyrok.sk\/tepla-vlna\/wp-json\/wp\/v2\/posts\/1663\/revisions"}],"predecessor-version":[{"id":1670,"href":"https:\/\/duhovyrok.sk\/tepla-vlna\/wp-json\/wp\/v2\/posts\/1663\/revisions\/1670"}],"wp:featuredmedia":[{"embeddable":true,"href":"https:\/\/duhovyrok.sk\/tepla-vlna\/wp-json\/wp\/v2\/media\/1664"}],"wp:attachment":[{"href":"https:\/\/duhovyrok.sk\/tepla-vlna\/wp-json\/wp\/v2\/media?parent=1663"}],"wp:term":[{"taxonomy":"category","embeddable":true,"href":"https:\/\/duhovyrok.sk\/tepla-vlna\/wp-json\/wp\/v2\/categories?post=1663"},{"taxonomy":"post_tag","embeddable":true,"href":"https:\/\/duhovyrok.sk\/tepla-vlna\/wp-json\/wp\/v2\/tags?post=1663"}],"curies":[{"name":"wp","href":"https:\/\/api.w.org\/{rel}","templated":true}]}}