{"id":1641,"date":"2021-07-20T19:39:19","date_gmt":"2021-07-20T17:39:19","guid":{"rendered":"https:\/\/duhovyrok.sk\/tepla-vlna\/?p=1641"},"modified":"2021-07-24T10:27:00","modified_gmt":"2021-07-24T08:27:00","slug":"tepla-vlna-matej-ftacnik-o-bezpecnom-pracovnom-prostredi-pre-ludi-z-duhovej-komunity","status":"publish","type":"post","link":"https:\/\/duhovyrok.sk\/tepla-vlna\/2021\/07\/20\/tepla-vlna-matej-ftacnik-o-bezpecnom-pracovnom-prostredi-pre-ludi-z-duhovej-komunity\/","title":{"rendered":"Tepl\u00e1 vlna: Matej Ft\u00e1\u010dnik o bezpe\u010dnom pracovnom prostred\u00ed pre \u013eud\u00ed z d\u00fahovej komunity"},"content":{"rendered":"\n<p>V Teplej vlne sme priv\u00edtali Mateja Ft\u00e1\u010dnika v\u00fdkonn\u00e9ho riadite\u013ea softv\u00e9rovej firmy Vacuumlabs. Matej porozpr\u00e1val o tom, ako jeho firma vytv\u00e1ra bezpe\u010dn\u00e9 prostredie pre kolegov a kolegyne z d\u00fahovej komunity. Prezradil viac o my\u0161lienke Daylight, prvej LGBT+ digit\u00e1lnej bankovej platformy v USA. Informoval tie\u017e o \u010dinnosti Fondu pre podporu LGBTI+ komunity, ktor\u00fd finan\u010dne podporuje projekty zameran\u00e9 na zlep\u0161enie jej situ\u00e1cie.<\/p>\n\n\n\n<p>Podcast si m\u00f4\u017eete vypo\u010du\u0165 na&nbsp;<a href=\"https:\/\/open.spotify.com\/episode\/49n1rxRMFVqRW8ywVnQFjR?si=EIcXMql9T7eq8KhxSB468A&amp;dl_branch=1\" target=\"_blank\" rel=\"noreferrer noopener\"><strong>Spotify<\/strong><\/a>,&nbsp;<a href=\"https:\/\/www.spreaker.com\/user\/14596367\/teplavlna22audio\" target=\"_blank\" rel=\"noreferrer noopener\"><strong>Spreaker<\/strong><\/a>,&nbsp;<strong><a href=\"https:\/\/podcasts.apple.com\/sk\/podcast\/matej-ft%C3%A1%C4%8Dnik-o-bezpe%C4%8Dnom-pracovnom-prostred%C3%AD-pre-%C4%BEud%C3%AD\/id1507703606?i=1000529075061&amp;l=sk\" target=\"_blank\" rel=\"noreferrer noopener\">Apple Podcasts<\/a><\/strong>&nbsp;alebo pozrie\u0165 na Youtube.<\/p>\n\n\n\n<figure class=\"wp-block-embed is-type-video is-provider-youtube wp-block-embed-youtube wp-embed-aspect-16-9 wp-has-aspect-ratio\"><div class=\"wp-block-embed__wrapper\">\n<iframe loading=\"lazy\" title=\"Tepl\u00e1 Vlna: Matej Ft\u00e1\u010dnik o bezpe\u010dnom pracovnom prostred\u00ed pre \u013eud\u00ed z d\u00fahovej komunity\" width=\"1778\" height=\"1000\" src=\"https:\/\/www.youtube.com\/embed\/qDT8Ncw4hy0?feature=oembed\" frameborder=\"0\" allow=\"accelerometer; autoplay; clipboard-write; encrypted-media; gyroscope; picture-in-picture\" allowfullscreen><\/iframe>\n<\/div><\/figure>\n\n\n\n<p><\/p>\n","protected":false},"excerpt":{"rendered":"<p>V Teplej vlne sme priv\u00edtali Mateja Ft\u00e1\u010dnika v\u00fdkonn\u00e9ho riadite\u013ea softv\u00e9rovej firmy Vacuumlabs. Matej porozpr\u00e1val o tom, ako jeho firma vytv\u00e1ra bezpe\u010dn\u00e9 prostredie pre kolegov a kolegyne z d\u00fahovej komunity. Prezradil <a href=\"https:\/\/duhovyrok.sk\/tepla-vlna\/2021\/07\/20\/tepla-vlna-matej-ftacnik-o-bezpecnom-pracovnom-prostredi-pre-ludi-z-duhovej-komunity\/\" class=\"more-link\">&#8230;<\/a><\/p>\n","protected":false},"author":2,"featured_media":1642,"comment_status":"closed","ping_status":"open","sticky":false,"template":"","format":"standard","meta":{"footnotes":""},"categories":[3,2],"tags":[18,99,101,4,5],"class_list":["post-1641","post","type-post","status-publish","format-standard","has-post-thumbnail","hentry","category-novinky","category-tepla-vlna","tag-andrej-kuruc","tag-from-tepla-vlna","tag-matej-ftacnik","tag-podcast","tag-tepla-vlna"],"_links":{"self":[{"href":"https:\/\/duhovyrok.sk\/tepla-vlna\/wp-json\/wp\/v2\/posts\/1641","targetHints":{"allow":["GET"]}}],"collection":[{"href":"https:\/\/duhovyrok.sk\/tepla-vlna\/wp-json\/wp\/v2\/posts"}],"about":[{"href":"https:\/\/duhovyrok.sk\/tepla-vlna\/wp-json\/wp\/v2\/types\/post"}],"author":[{"embeddable":true,"href":"https:\/\/duhovyrok.sk\/tepla-vlna\/wp-json\/wp\/v2\/users\/2"}],"replies":[{"embeddable":true,"href":"https:\/\/duhovyrok.sk\/tepla-vlna\/wp-json\/wp\/v2\/comments?post=1641"}],"version-history":[{"count":3,"href":"https:\/\/duhovyrok.sk\/tepla-vlna\/wp-json\/wp\/v2\/posts\/1641\/revisions"}],"predecessor-version":[{"id":1647,"href":"https:\/\/duhovyrok.sk\/tepla-vlna\/wp-json\/wp\/v2\/posts\/1641\/revisions\/1647"}],"wp:featuredmedia":[{"embeddable":true,"href":"https:\/\/duhovyrok.sk\/tepla-vlna\/wp-json\/wp\/v2\/media\/1642"}],"wp:attachment":[{"href":"https:\/\/duhovyrok.sk\/tepla-vlna\/wp-json\/wp\/v2\/media?parent=1641"}],"wp:term":[{"taxonomy":"category","embeddable":true,"href":"https:\/\/duhovyrok.sk\/tepla-vlna\/wp-json\/wp\/v2\/categories?post=1641"},{"taxonomy":"post_tag","embeddable":true,"href":"https:\/\/duhovyrok.sk\/tepla-vlna\/wp-json\/wp\/v2\/tags?post=1641"}],"curies":[{"name":"wp","href":"https:\/\/api.w.org\/{rel}","templated":true}]}}