{"id":1630,"date":"2021-06-17T18:33:00","date_gmt":"2021-06-17T16:33:00","guid":{"rendered":"https:\/\/duhovyrok.sk\/tepla-vlna\/?p=1630"},"modified":"2021-06-19T21:39:52","modified_gmt":"2021-06-19T19:39:52","slug":"tepla-vlna-majo-curilla-otec-dvoch-deti-o-situacii-duhovych-rodin","status":"publish","type":"post","link":"https:\/\/duhovyrok.sk\/tepla-vlna\/2021\/06\/17\/tepla-vlna-majo-curilla-otec-dvoch-deti-o-situacii-duhovych-rodin\/","title":{"rendered":"Tepl\u00e1 vlna: Majo \u010curilla &#8211; otec dvoch det\u00ed o situ\u00e1cii d\u00fahov\u00fdch rod\u00edn"},"content":{"rendered":"\n<p>V&nbsp;teplej vlne sme priv\u00edtali Maja \u010curillu, ktor\u00fd je spolupredsedom zdru\u017eenia D\u00fahov\u00e9 rodiny. \u017dije dlh\u00e9 roky vo vz\u0165ahu so svoj\u00edm partnerom \u013dubom\u00edrom a je otcom dvoch det\u00ed. Rozpr\u00e1vali sme sa o&nbsp;tom, ko\u013eko d\u00fahov\u00fdch rod\u00edn je na Slovensku, \u010di sa &nbsp;v&nbsp;nich odli\u0161uje v\u00fdchova det\u00ed od in\u00fdch rod\u00edn, \u010di za\u017e\u00edvaj\u00fa poru\u0161ovanie rodi\u010dovsk\u00fdch pr\u00e1v.&nbsp; Prezradil tie\u017e \u010domu sa v zdru\u017een\u00ed venuj\u00fa a&nbsp;kam by chceli posun\u00fa\u0165 diskusiu o&nbsp;d\u00fahov\u00fdch rodin\u00e1ch v&nbsp;slovenskej spolo\u010dnosti.<\/p>\n\n\n\n<p>Tepl\u00fa vlnu si m\u00f4\u017eete pozrie\u0165 na linku ni\u017e\u0161ie alebo vypo\u010du\u0165 na&nbsp;<a rel=\"noreferrer noopener\" href=\"https:\/\/open.spotify.com\/episode\/1vkekRb0ngZifNJtfCmiQ4?si=NxRbBwX9RV6_NQyzTFAYDg&amp;dl_branch=1\" target=\"_blank\">Spotify<\/a>,&nbsp;<a rel=\"noreferrer noopener\" href=\"https:\/\/podcasts.apple.com\/us\/podcast\/majo-%C4%8Durilla-otec-dvoch-det%C3%AD-o-situ%C3%A1cii-d%C3%BAhov%C3%BDch-rod%C3%ADn\/id1507703606?i=1000525884472\" target=\"_blank\">Apple Podcasts<\/a>&nbsp;a&nbsp;<a rel=\"noreferrer noopener\" href=\"https:\/\/www.spreaker.com\/user\/14596367\/tepla-vlna-ep21\" target=\"_blank\">Spreaker<\/a>.<\/p>\n\n\n\n<figure class=\"wp-block-embed is-type-video is-provider-youtube wp-block-embed-youtube wp-embed-aspect-16-9 wp-has-aspect-ratio\"><div class=\"wp-block-embed__wrapper\">\n<iframe loading=\"lazy\" title=\"Tepl\u00e1 vlna: Majo \u010curilla - otec dvoch det\u00ed o situ\u00e1cii d\u00fahov\u00fdch rod\u00edn\" width=\"1778\" height=\"1000\" src=\"https:\/\/www.youtube.com\/embed\/lvAu3gexbOg?feature=oembed\" frameborder=\"0\" allow=\"accelerometer; autoplay; clipboard-write; encrypted-media; gyroscope; picture-in-picture\" allowfullscreen><\/iframe>\n<\/div><\/figure>\n\n\n\n<p>Foto: Jakub Kov\u00e1\u010d<\/p>\n\n\n\n<p><\/p>\n","protected":false},"excerpt":{"rendered":"<p>V&nbsp;teplej vlne sme priv\u00edtali Maja \u010curillu, ktor\u00fd je spolupredsedom zdru\u017eenia D\u00fahov\u00e9 rodiny. \u017dije dlh\u00e9 roky vo vz\u0165ahu so svoj\u00edm partnerom \u013dubom\u00edrom a je otcom dvoch det\u00ed. Rozpr\u00e1vali sme sa o&nbsp;tom, <a href=\"https:\/\/duhovyrok.sk\/tepla-vlna\/2021\/06\/17\/tepla-vlna-majo-curilla-otec-dvoch-deti-o-situacii-duhovych-rodin\/\" class=\"more-link\">&#8230;<\/a><\/p>\n","protected":false},"author":9,"featured_media":1634,"comment_status":"closed","ping_status":"open","sticky":false,"template":"","format":"standard","meta":{"footnotes":""},"categories":[3,2],"tags":[30,99,100,4],"class_list":["post-1630","post","type-post","status-publish","format-standard","has-post-thumbnail","hentry","category-novinky","category-tepla-vlna","tag-duhove-rodiny","tag-from-tepla-vlna","tag-majo-curilla","tag-podcast"],"_links":{"self":[{"href":"https:\/\/duhovyrok.sk\/tepla-vlna\/wp-json\/wp\/v2\/posts\/1630","targetHints":{"allow":["GET"]}}],"collection":[{"href":"https:\/\/duhovyrok.sk\/tepla-vlna\/wp-json\/wp\/v2\/posts"}],"about":[{"href":"https:\/\/duhovyrok.sk\/tepla-vlna\/wp-json\/wp\/v2\/types\/post"}],"author":[{"embeddable":true,"href":"https:\/\/duhovyrok.sk\/tepla-vlna\/wp-json\/wp\/v2\/users\/9"}],"replies":[{"embeddable":true,"href":"https:\/\/duhovyrok.sk\/tepla-vlna\/wp-json\/wp\/v2\/comments?post=1630"}],"version-history":[{"count":3,"href":"https:\/\/duhovyrok.sk\/tepla-vlna\/wp-json\/wp\/v2\/posts\/1630\/revisions"}],"predecessor-version":[{"id":1635,"href":"https:\/\/duhovyrok.sk\/tepla-vlna\/wp-json\/wp\/v2\/posts\/1630\/revisions\/1635"}],"wp:featuredmedia":[{"embeddable":true,"href":"https:\/\/duhovyrok.sk\/tepla-vlna\/wp-json\/wp\/v2\/media\/1634"}],"wp:attachment":[{"href":"https:\/\/duhovyrok.sk\/tepla-vlna\/wp-json\/wp\/v2\/media?parent=1630"}],"wp:term":[{"taxonomy":"category","embeddable":true,"href":"https:\/\/duhovyrok.sk\/tepla-vlna\/wp-json\/wp\/v2\/categories?post=1630"},{"taxonomy":"post_tag","embeddable":true,"href":"https:\/\/duhovyrok.sk\/tepla-vlna\/wp-json\/wp\/v2\/tags?post=1630"}],"curies":[{"name":"wp","href":"https:\/\/api.w.org\/{rel}","templated":true}]}}