{"id":1586,"date":"2021-05-19T15:35:30","date_gmt":"2021-05-19T13:35:30","guid":{"rendered":"https:\/\/duhovyrok.sk\/tepla-vlna\/?p=1586"},"modified":"2021-05-22T12:27:59","modified_gmt":"2021-05-22T10:27:59","slug":"tepla-vlna-mama-zlatica-maarova-o-zdruzeni-rodicov-a-priatelov-lgbti-ludi","status":"publish","type":"post","link":"https:\/\/duhovyrok.sk\/tepla-vlna\/2021\/05\/19\/tepla-vlna-mama-zlatica-maarova-o-zdruzeni-rodicov-a-priatelov-lgbti-ludi\/","title":{"rendered":"Tepl\u00e1 vlna: Mama Zlatica Maarov\u00e1 o zdru\u017een\u00ed rodi\u010dov a priate\u013eov LGBTI+ \u013eud\u00ed"},"content":{"rendered":"\n<p>V Teplej vlne sme priv\u00edtali Zlaticu Maarov\u00fa zo zdru\u017eenia rodi\u010dov a priate\u013eov LGBTI+ \u013eud\u00ed. Porozpr\u00e1vala n\u00e1m o tom, ako reagovala na coming out svojich bl\u00edzkych a \u010do im pomohlo. Prezradila tie\u017e pre\u010do poslali otvoren\u00fd list poslancom a poslankyniam, ktor\u00ed sa cez \u00fastavu sna\u017eili obmedzi\u0165 rodi\u010dovsk\u00e9 pr\u00e1va a mo\u017enos\u0165 zmeni\u0165 si meno a priezvisko v pr\u00e1vnych dokumentoch pre transrodov\u00fdch \u013eud\u00ed. Tie\u017e uviedla ako m\u00f4\u017eu rodi\u010dia podpori\u0165 ich d\u00fahov\u00e9 deti.<br>V pr\u00edpade z\u00e1ujmu o \u010dlenstvo alebo podporu m\u00f4\u017eete nap\u00edsa\u0165 na kontakt zdruzenierap@gmail.com<\/p>\n\n\n\n<p>Cel\u00fd podcast si m\u00f4\u017eete pozrie\u0165 ni\u017e\u0161ie na <strong><a rel=\"noreferrer noopener\" href=\"https:\/\/www.youtube.com\/watch?v=1K9U6CoJ_1o\" target=\"_blank\">Youtube<\/a><\/strong> alebo vypo\u010du\u0165 na&nbsp;<a rel=\"noreferrer noopener\" href=\"https:\/\/open.spotify.com\/episode\/0LFbN60R2duIW50rjNS6SI?fbclid=IwAR1O2BCX9htdg5fZBx4kf_W2rXzy6dHyhkwz1QjnqDO-mtRnmMJTWfaYvSY\" target=\"_blank\"><\/a><a rel=\"noreferrer noopener\" href=\"https:\/\/open.spotify.com\/episode\/75IBH3mbq9pAom8iI1Fuoz?si=0IJRyWiLT0eGHIzan6rFWQ\" target=\"_blank\"><strong>Spotify<\/strong><\/a>,&nbsp;<a rel=\"noreferrer noopener\" href=\"https:\/\/podcasts.apple.com\/sk\/podcast\/mama-zlatica-maarov%C3%A1-o-zdru%C5%BEen%C3%AD-rodi%C4%8Dov-priate%C4%BEov-lgbti\/id1507703606?i=1000522300069&amp;l=sk\" target=\"_blank\"><strong>Apple Podcasts<\/strong><\/a> a <a rel=\"noreferrer noopener\" href=\"https:\/\/www.podbean.com\/ew\/pb-f7jx6-103e3db\" target=\"_blank\"><strong>PodBean<\/strong><\/a>.<\/p>\n\n\n\n<figure class=\"wp-block-embed is-type-video is-provider-youtube wp-block-embed-youtube wp-embed-aspect-16-9 wp-has-aspect-ratio\"><div class=\"wp-block-embed__wrapper\">\n<iframe loading=\"lazy\" title=\"Tepl\u00e1 vlna: Mama Zlatica Maarov\u00e1 o zdru\u017een\u00ed rodi\u010dov a priate\u013eov LGBTI+ \u013eud\u00ed\" width=\"1778\" height=\"1000\" src=\"https:\/\/www.youtube.com\/embed\/1K9U6CoJ_1o?feature=oembed\" frameborder=\"0\" allow=\"accelerometer; autoplay; clipboard-write; encrypted-media; gyroscope; picture-in-picture\" allowfullscreen><\/iframe>\n<\/div><\/figure>\n\n\n\n<p>Foto: Jakub Kov\u00e1\u010d<\/p>\n","protected":false},"excerpt":{"rendered":"<p>V Teplej vlne sme priv\u00edtali Zlaticu Maarov\u00fa zo zdru\u017eenia rodi\u010dov a priate\u013eov LGBTI+ \u013eud\u00ed. Porozpr\u00e1vala n\u00e1m o tom, ako reagovala na coming out svojich bl\u00edzkych a \u010do im pomohlo. Prezradila <a href=\"https:\/\/duhovyrok.sk\/tepla-vlna\/2021\/05\/19\/tepla-vlna-mama-zlatica-maarova-o-zdruzeni-rodicov-a-priatelov-lgbti-ludi\/\" class=\"more-link\">&#8230;<\/a><\/p>\n","protected":false},"author":2,"featured_media":1595,"comment_status":"closed","ping_status":"open","sticky":false,"template":"","format":"standard","meta":{"footnotes":""},"categories":[3,2],"tags":[18,4,5,96],"class_list":["post-1586","post","type-post","status-publish","format-standard","has-post-thumbnail","hentry","category-novinky","category-tepla-vlna","tag-andrej-kuruc","tag-podcast","tag-tepla-vlna","tag-zlatica-maarova"],"_links":{"self":[{"href":"https:\/\/duhovyrok.sk\/tepla-vlna\/wp-json\/wp\/v2\/posts\/1586","targetHints":{"allow":["GET"]}}],"collection":[{"href":"https:\/\/duhovyrok.sk\/tepla-vlna\/wp-json\/wp\/v2\/posts"}],"about":[{"href":"https:\/\/duhovyrok.sk\/tepla-vlna\/wp-json\/wp\/v2\/types\/post"}],"author":[{"embeddable":true,"href":"https:\/\/duhovyrok.sk\/tepla-vlna\/wp-json\/wp\/v2\/users\/2"}],"replies":[{"embeddable":true,"href":"https:\/\/duhovyrok.sk\/tepla-vlna\/wp-json\/wp\/v2\/comments?post=1586"}],"version-history":[{"count":10,"href":"https:\/\/duhovyrok.sk\/tepla-vlna\/wp-json\/wp\/v2\/posts\/1586\/revisions"}],"predecessor-version":[{"id":1612,"href":"https:\/\/duhovyrok.sk\/tepla-vlna\/wp-json\/wp\/v2\/posts\/1586\/revisions\/1612"}],"wp:featuredmedia":[{"embeddable":true,"href":"https:\/\/duhovyrok.sk\/tepla-vlna\/wp-json\/wp\/v2\/media\/1595"}],"wp:attachment":[{"href":"https:\/\/duhovyrok.sk\/tepla-vlna\/wp-json\/wp\/v2\/media?parent=1586"}],"wp:term":[{"taxonomy":"category","embeddable":true,"href":"https:\/\/duhovyrok.sk\/tepla-vlna\/wp-json\/wp\/v2\/categories?post=1586"},{"taxonomy":"post_tag","embeddable":true,"href":"https:\/\/duhovyrok.sk\/tepla-vlna\/wp-json\/wp\/v2\/tags?post=1586"}],"curies":[{"name":"wp","href":"https:\/\/api.w.org\/{rel}","templated":true}]}}