{"id":1583,"date":"2021-05-16T15:04:24","date_gmt":"2021-05-16T13:04:24","guid":{"rendered":"https:\/\/duhovyrok.sk\/tepla-vlna\/?p=1583"},"modified":"2021-05-26T20:28:18","modified_gmt":"2021-05-26T18:28:18","slug":"do-teplej-vlny-sme-pozvali-zlaticu-maarovu-zo-zdruzenia-rodicov-a-priatelov-lgbti-ludi","status":"publish","type":"post","link":"https:\/\/duhovyrok.sk\/tepla-vlna\/2021\/05\/16\/do-teplej-vlny-sme-pozvali-zlaticu-maarovu-zo-zdruzenia-rodicov-a-priatelov-lgbti-ludi\/","title":{"rendered":"Do Teplej vlny sme pozvali Zlaticu Maarov\u00fa zo zdru\u017eenia rodi\u010dov a priate\u013eov LGBTI+ \u013eud\u00ed"},"content":{"rendered":"\n<p>V Teplej vlne priv\u00edtame Zlaticu Maarov\u00fa zo zdru\u017eenia rodi\u010dov a priate\u013eov LGBTI+ \u013eud\u00ed. M\u00e1 die\u0165a, ktor\u00e9 patr\u00ed do komunity a spolu s \u010fal\u0161\u00edmi rodinami sa rozhodli zalo\u017ei\u0165 zatia\u013e neform\u00e1lnu skupinu, kde sa chc\u00fa navz\u00e1jom podporova\u0165 v tom, aby boli pre ich LGBTI+ \u013eud\u00ed v ich okol\u00ed oporou a zdrojom sily. V pr\u00edpade z\u00e1ujmu o \u010dlenstvo alebo podporu m\u00f4\u017eete nap\u00edsa\u0165 na kontakt zdruzenierap@gmail.com<\/p>\n\n\n\n<p>Foto: Jakub Kov\u00e1\u010d<\/p>\n\n\n\n<p><\/p>\n","protected":false},"excerpt":{"rendered":"<p>V Teplej vlne priv\u00edtame Zlaticu Maarov\u00fa zo zdru\u017eenia rodi\u010dov a priate\u013eov LGBTI+ \u013eud\u00ed. M\u00e1 die\u0165a, ktor\u00e9 patr\u00ed do komunity a spolu s \u010fal\u0161\u00edmi rodinami sa rozhodli zalo\u017ei\u0165 zatia\u013e neform\u00e1lnu skupinu, <a href=\"https:\/\/duhovyrok.sk\/tepla-vlna\/2021\/05\/16\/do-teplej-vlny-sme-pozvali-zlaticu-maarovu-zo-zdruzenia-rodicov-a-priatelov-lgbti-ludi\/\" class=\"more-link\">&#8230;<\/a><\/p>\n","protected":false},"author":2,"featured_media":1597,"comment_status":"closed","ping_status":"open","sticky":false,"template":"","format":"standard","meta":{"footnotes":""},"categories":[3,2],"tags":[18,99,60,4,5,96],"class_list":["post-1583","post","type-post","status-publish","format-standard","has-post-thumbnail","hentry","category-novinky","category-tepla-vlna","tag-andrej-kuruc","tag-from-tepla-vlna","tag-lgbt","tag-podcast","tag-tepla-vlna","tag-zlatica-maarova"],"_links":{"self":[{"href":"https:\/\/duhovyrok.sk\/tepla-vlna\/wp-json\/wp\/v2\/posts\/1583","targetHints":{"allow":["GET"]}}],"collection":[{"href":"https:\/\/duhovyrok.sk\/tepla-vlna\/wp-json\/wp\/v2\/posts"}],"about":[{"href":"https:\/\/duhovyrok.sk\/tepla-vlna\/wp-json\/wp\/v2\/types\/post"}],"author":[{"embeddable":true,"href":"https:\/\/duhovyrok.sk\/tepla-vlna\/wp-json\/wp\/v2\/users\/2"}],"replies":[{"embeddable":true,"href":"https:\/\/duhovyrok.sk\/tepla-vlna\/wp-json\/wp\/v2\/comments?post=1583"}],"version-history":[{"count":3,"href":"https:\/\/duhovyrok.sk\/tepla-vlna\/wp-json\/wp\/v2\/posts\/1583\/revisions"}],"predecessor-version":[{"id":1599,"href":"https:\/\/duhovyrok.sk\/tepla-vlna\/wp-json\/wp\/v2\/posts\/1583\/revisions\/1599"}],"wp:featuredmedia":[{"embeddable":true,"href":"https:\/\/duhovyrok.sk\/tepla-vlna\/wp-json\/wp\/v2\/media\/1597"}],"wp:attachment":[{"href":"https:\/\/duhovyrok.sk\/tepla-vlna\/wp-json\/wp\/v2\/media?parent=1583"}],"wp:term":[{"taxonomy":"category","embeddable":true,"href":"https:\/\/duhovyrok.sk\/tepla-vlna\/wp-json\/wp\/v2\/categories?post=1583"},{"taxonomy":"post_tag","embeddable":true,"href":"https:\/\/duhovyrok.sk\/tepla-vlna\/wp-json\/wp\/v2\/tags?post=1583"}],"curies":[{"name":"wp","href":"https:\/\/api.w.org\/{rel}","templated":true}]}}