{"id":1486,"date":"2021-01-18T12:08:46","date_gmt":"2021-01-18T11:08:46","guid":{"rendered":"https:\/\/duhovyrok.sk\/?p=1486"},"modified":"2021-03-23T14:11:49","modified_gmt":"2021-03-23T13:11:49","slug":"webinar-queer-ikony","status":"publish","type":"post","link":"https:\/\/duhovyrok.sk\/tepla-vlna\/2021\/01\/18\/webinar-queer-ikony\/","title":{"rendered":"Webin\u00e1r: Queer ikony"},"content":{"rendered":"\n<p>Webin\u00e1r, ktor\u00fd by mal ur\u010dite ma\u0165 svoje miesto v LGBTI komunite. Budeme sa venova\u0165 Queer ikon\u00e1m t.j. sl\u00e1vnym \u013eu\u010fom, ktor\u00ed a ktor\u00e9 mali z\u00e1sadn\u00fd vplyv na LGBTI+ komunitu. Queer ikonou \u2013 \u010dakate\u013ekou na tento z\u00e1slu\u017en\u00fd post je aj El\u00e9gia. R\u00f3bert z <a rel=\"noreferrer noopener\" href=\"http:\/\/nomantinels.sk\/\" target=\"_blank\"><strong>Divadla NOMANTINELS<\/strong><\/a> a El\u00e9gia queer ikona &#8211; debutantka V\u00e1s preved\u00fa svetom gay ikon, povedia si, ako sa gay ikonou sta\u0165 a pre\u010do s\u00fa pre komunitu tak\u00e9 d\u00f4le\u017eit\u00e9. <\/p>\n\n\n\n<p>Webin\u00e1r si m\u00f4\u017eete pozrie\u0165 na na\u0161ej <a rel=\"noreferrer noopener\" href=\"https:\/\/fb.watch\/3598jDgVBd\/\" target=\"_blank\"><strong>Facebookovej str\u00e1nke D\u00fahov\u00fd rok<\/strong><\/a>.<\/p>\n","protected":false},"excerpt":{"rendered":"<p>Webin\u00e1r, ktor\u00fd by mal ur\u010dite ma\u0165 svoje miesto v LGBTI komunite. Budeme sa venova\u0165 Queer ikon\u00e1m t.j. sl\u00e1vnym \u013eu\u010fom, ktor\u00ed a ktor\u00e9 mali z\u00e1sadn\u00fd vplyv na LGBTI+ komunitu. Queer ikonou <a href=\"https:\/\/duhovyrok.sk\/tepla-vlna\/2021\/01\/18\/webinar-queer-ikony\/\" class=\"more-link\">&#8230;<\/a><\/p>\n","protected":false},"author":9,"featured_media":1487,"comment_status":"closed","ping_status":"open","sticky":false,"template":"","format":"standard","meta":{"footnotes":""},"categories":[3,2],"tags":[72,60,58,43,74,24,44,5,59],"class_list":["post-1486","post","type-post","status-publish","format-standard","has-post-thumbnail","hentry","category-novinky","category-tepla-vlna","tag-elegia-strbova","tag-lgbt","tag-lgbti","tag-nomantinels","tag-queer-ikony","tag-queer-kultura","tag-robert-pakan","tag-tepla-vlna","tag-webinar"],"_links":{"self":[{"href":"https:\/\/duhovyrok.sk\/tepla-vlna\/wp-json\/wp\/v2\/posts\/1486","targetHints":{"allow":["GET"]}}],"collection":[{"href":"https:\/\/duhovyrok.sk\/tepla-vlna\/wp-json\/wp\/v2\/posts"}],"about":[{"href":"https:\/\/duhovyrok.sk\/tepla-vlna\/wp-json\/wp\/v2\/types\/post"}],"author":[{"embeddable":true,"href":"https:\/\/duhovyrok.sk\/tepla-vlna\/wp-json\/wp\/v2\/users\/9"}],"replies":[{"embeddable":true,"href":"https:\/\/duhovyrok.sk\/tepla-vlna\/wp-json\/wp\/v2\/comments?post=1486"}],"version-history":[{"count":1,"href":"https:\/\/duhovyrok.sk\/tepla-vlna\/wp-json\/wp\/v2\/posts\/1486\/revisions"}],"predecessor-version":[{"id":1535,"href":"https:\/\/duhovyrok.sk\/tepla-vlna\/wp-json\/wp\/v2\/posts\/1486\/revisions\/1535"}],"wp:featuredmedia":[{"embeddable":true,"href":"https:\/\/duhovyrok.sk\/tepla-vlna\/wp-json\/wp\/v2\/media\/1487"}],"wp:attachment":[{"href":"https:\/\/duhovyrok.sk\/tepla-vlna\/wp-json\/wp\/v2\/media?parent=1486"}],"wp:term":[{"taxonomy":"category","embeddable":true,"href":"https:\/\/duhovyrok.sk\/tepla-vlna\/wp-json\/wp\/v2\/categories?post=1486"},{"taxonomy":"post_tag","embeddable":true,"href":"https:\/\/duhovyrok.sk\/tepla-vlna\/wp-json\/wp\/v2\/tags?post=1486"}],"curies":[{"name":"wp","href":"https:\/\/api.w.org\/{rel}","templated":true}]}}