{"id":1479,"date":"2021-01-21T18:02:49","date_gmt":"2021-01-21T17:02:49","guid":{"rendered":"https:\/\/duhovyrok.sk\/?p=1479"},"modified":"2021-03-23T14:11:48","modified_gmt":"2021-03-23T13:11:48","slug":"webinar-gej-ci-homosexual-terminologia-lgbt-zivota","status":"publish","type":"post","link":"https:\/\/duhovyrok.sk\/tepla-vlna\/2021\/01\/21\/webinar-gej-ci-homosexual-terminologia-lgbt-zivota\/","title":{"rendered":"Webin\u00e1r: Gej, \u010di homosexu\u00e1l? Terminol\u00f3gia LGBT+ \u017eivota"},"content":{"rendered":"\n<p>Ak chcete podporova\u0165 LGBTIQ komunitu mali by ste sa zorientova\u0165 v tom, \u010do znamen\u00e1 sexu\u00e1lna orient\u00e1cia a rodov\u00e1 identita? Tie\u017e by ste mali vedie\u0165 \u010do sa skr\u00fdva za p\u00edsmenkami L, G,B,T, I, Q? Nie je to len vymyslen\u00e1 skratka, ale skr\u00fdvaj\u00fa sa za \u0148ou konkr\u00e9tni \u013eudia s r\u00f4znymi rodov\u00fdmi identitami a sexu\u00e1lnymi orient\u00e1ciami, ktor\u00ed maj\u00fa svoje potreby a t\u00fa\u017eby. V na\u0161om kv\u00edze sme presk\u00fa\u0161ali na\u0161u kolegy\u0148u here\u010dku El\u00e9giu \u0160trbov\u00fa, ktor\u00e1 hovor\u00ed \u017ee je hetero spojenky\u0148ou komunity alebo tzv. fag heg.<\/p>\n\n\n\n<p>Webin\u00e1r Teplej vlny si m\u00f4\u017eete pozrie\u0165 na na\u0161om <a rel=\"noreferrer noopener\" href=\"https:\/\/fb.watch\/3dwKI6agEW\/\" target=\"_blank\"><strong>Facebooku D\u00fahov\u00fd rok<\/strong><\/a>.<\/p>\n\n\n\n<p>Foto: Jakub Kov\u00e1\u010d<\/p>\n","protected":false},"excerpt":{"rendered":"<p>Ak chcete podporova\u0165 LGBTIQ komunitu mali by ste sa zorientova\u0165 v tom, \u010do znamen\u00e1 sexu\u00e1lna orient\u00e1cia a rodov\u00e1 identita? Tie\u017e by ste mali vedie\u0165 \u010do sa skr\u00fdva za p\u00edsmenkami L, <a href=\"https:\/\/duhovyrok.sk\/tepla-vlna\/2021\/01\/21\/webinar-gej-ci-homosexual-terminologia-lgbt-zivota\/\" class=\"more-link\">&#8230;<\/a><\/p>\n","protected":false},"author":9,"featured_media":1495,"comment_status":"closed","ping_status":"open","sticky":false,"template":"","format":"standard","meta":{"footnotes":""},"categories":[3,2],"tags":[18,72,60,5,73,59],"class_list":["post-1479","post","type-post","status-publish","format-standard","has-post-thumbnail","hentry","category-novinky","category-tepla-vlna","tag-andrej-kuruc","tag-elegia-strbova","tag-lgbt","tag-tepla-vlna","tag-terminologia","tag-webinar"],"_links":{"self":[{"href":"https:\/\/duhovyrok.sk\/tepla-vlna\/wp-json\/wp\/v2\/posts\/1479","targetHints":{"allow":["GET"]}}],"collection":[{"href":"https:\/\/duhovyrok.sk\/tepla-vlna\/wp-json\/wp\/v2\/posts"}],"about":[{"href":"https:\/\/duhovyrok.sk\/tepla-vlna\/wp-json\/wp\/v2\/types\/post"}],"author":[{"embeddable":true,"href":"https:\/\/duhovyrok.sk\/tepla-vlna\/wp-json\/wp\/v2\/users\/9"}],"replies":[{"embeddable":true,"href":"https:\/\/duhovyrok.sk\/tepla-vlna\/wp-json\/wp\/v2\/comments?post=1479"}],"version-history":[{"count":2,"href":"https:\/\/duhovyrok.sk\/tepla-vlna\/wp-json\/wp\/v2\/posts\/1479\/revisions"}],"predecessor-version":[{"id":1500,"href":"https:\/\/duhovyrok.sk\/tepla-vlna\/wp-json\/wp\/v2\/posts\/1479\/revisions\/1500"}],"wp:featuredmedia":[{"embeddable":true,"href":"https:\/\/duhovyrok.sk\/tepla-vlna\/wp-json\/wp\/v2\/media\/1495"}],"wp:attachment":[{"href":"https:\/\/duhovyrok.sk\/tepla-vlna\/wp-json\/wp\/v2\/media?parent=1479"}],"wp:term":[{"taxonomy":"category","embeddable":true,"href":"https:\/\/duhovyrok.sk\/tepla-vlna\/wp-json\/wp\/v2\/categories?post=1479"},{"taxonomy":"post_tag","embeddable":true,"href":"https:\/\/duhovyrok.sk\/tepla-vlna\/wp-json\/wp\/v2\/tags?post=1479"}],"curies":[{"name":"wp","href":"https:\/\/api.w.org\/{rel}","templated":true}]}}