{"id":1475,"date":"2021-01-08T14:04:29","date_gmt":"2021-01-08T13:04:29","guid":{"rendered":"https:\/\/duhovyrok.sk\/?p=1475"},"modified":"2021-03-23T14:11:49","modified_gmt":"2021-03-23T13:11:49","slug":"tepla-vlna-webinar-queer-ikony","status":"publish","type":"post","link":"https:\/\/duhovyrok.sk\/tepla-vlna\/2021\/01\/08\/tepla-vlna-webinar-queer-ikony\/","title":{"rendered":"Tepl\u00e1 vlna (webin\u00e1r): Queer ikony"},"content":{"rendered":"\n<p>Webin\u00e1r, ktor\u00fd by mal ur\u010dite ma\u0165 svoje miesto v LGBTI komunite. Budeme sa venova\u0165 Queer ikon\u00e1m t.j. sl\u00e1vnym \u013eu\u010fom, ktor\u00ed a ktor\u00e9 mali z\u00e1sadn\u00fd vplyv na LGBTI+ komunitu.                Queer ikonou \u2013 \u010dakate\u013ekou na tento z\u00e1slu\u017en\u00fd post je aj El\u00e9gia. R\u00f3bert z <a rel=\"noreferrer noopener\" href=\"http:\/\/nomantinels.sk\" target=\"_blank\">Divadla NOMANTINELS<\/a> a El\u00e9gia queer ikona &#8211; debutantka V\u00e1s preved\u00fa svetom gay ikon, povedia si, ako sa gay ikonou sta\u0165 a pre\u010do s\u00fa pre komunitu tak\u00e9 d\u00f4le\u017eit\u00e9. Webin\u00e1r bude ma\u0165 premi\u00e9ru na facebookovej str\u00e1nke <a rel=\"noreferrer noopener\" href=\"https:\/\/www.facebook.com\/duhovyrok\" target=\"_blank\">D\u00fahov\u00fd rok<\/a> u\u017e vo \u0161tvrtok 14.1. o 19:00.<\/p>\n\n\n\n<p>Podujatie podporilo <a rel=\"noreferrer noopener\" href=\"https:\/\/www.culture.gov.sk\/\" target=\"_blank\"><strong>Ministerstvo kult\u00fary Slovenskej republiky<\/strong><\/a>.<\/p>\n\n\n\n<figure class=\"wp-block-image size-large is-resized\"><img loading=\"lazy\" decoding=\"async\" src=\"https:\/\/duhovyrok.sk\/tepla-vlna\/wp-content\/uploads\/sites\/3\/2020\/12\/MKSR_LOGO_SK_COLOR.png\" alt=\"\" class=\"wp-image-1397\" width=\"264\" height=\"113\" srcset=\"https:\/\/duhovyrok.sk\/tepla-vlna\/wp-content\/uploads\/sites\/3\/2020\/12\/MKSR_LOGO_SK_COLOR.png 731w, https:\/\/duhovyrok.sk\/tepla-vlna\/wp-content\/uploads\/sites\/3\/2020\/12\/MKSR_LOGO_SK_COLOR-700x301.png 700w, https:\/\/duhovyrok.sk\/tepla-vlna\/wp-content\/uploads\/sites\/3\/2020\/12\/MKSR_LOGO_SK_COLOR-300x129.png 300w\" sizes=\"auto, (max-width: 264px) 100vw, 264px\" \/><\/figure>\n","protected":false},"excerpt":{"rendered":"<p>Webin\u00e1r, ktor\u00fd by mal ur\u010dite ma\u0165 svoje miesto v LGBTI komunite. Budeme sa venova\u0165 Queer ikon\u00e1m t.j. sl\u00e1vnym \u013eu\u010fom, ktor\u00ed a ktor\u00e9 mali z\u00e1sadn\u00fd vplyv na LGBTI+ komunitu. Queer ikonou <a href=\"https:\/\/duhovyrok.sk\/tepla-vlna\/2021\/01\/08\/tepla-vlna-webinar-queer-ikony\/\" class=\"more-link\">&#8230;<\/a><\/p>\n","protected":false},"author":9,"featured_media":1476,"comment_status":"closed","ping_status":"open","sticky":false,"template":"","format":"standard","meta":{"footnotes":""},"categories":[3,2],"tags":[72,74,24,44,5,59],"class_list":["post-1475","post","type-post","status-publish","format-standard","has-post-thumbnail","hentry","category-novinky","category-tepla-vlna","tag-elegia-strbova","tag-queer-ikony","tag-queer-kultura","tag-robert-pakan","tag-tepla-vlna","tag-webinar"],"_links":{"self":[{"href":"https:\/\/duhovyrok.sk\/tepla-vlna\/wp-json\/wp\/v2\/posts\/1475","targetHints":{"allow":["GET"]}}],"collection":[{"href":"https:\/\/duhovyrok.sk\/tepla-vlna\/wp-json\/wp\/v2\/posts"}],"about":[{"href":"https:\/\/duhovyrok.sk\/tepla-vlna\/wp-json\/wp\/v2\/types\/post"}],"author":[{"embeddable":true,"href":"https:\/\/duhovyrok.sk\/tepla-vlna\/wp-json\/wp\/v2\/users\/9"}],"replies":[{"embeddable":true,"href":"https:\/\/duhovyrok.sk\/tepla-vlna\/wp-json\/wp\/v2\/comments?post=1475"}],"version-history":[{"count":1,"href":"https:\/\/duhovyrok.sk\/tepla-vlna\/wp-json\/wp\/v2\/posts\/1475\/revisions"}],"predecessor-version":[{"id":1536,"href":"https:\/\/duhovyrok.sk\/tepla-vlna\/wp-json\/wp\/v2\/posts\/1475\/revisions\/1536"}],"wp:featuredmedia":[{"embeddable":true,"href":"https:\/\/duhovyrok.sk\/tepla-vlna\/wp-json\/wp\/v2\/media\/1476"}],"wp:attachment":[{"href":"https:\/\/duhovyrok.sk\/tepla-vlna\/wp-json\/wp\/v2\/media?parent=1475"}],"wp:term":[{"taxonomy":"category","embeddable":true,"href":"https:\/\/duhovyrok.sk\/tepla-vlna\/wp-json\/wp\/v2\/categories?post=1475"},{"taxonomy":"post_tag","embeddable":true,"href":"https:\/\/duhovyrok.sk\/tepla-vlna\/wp-json\/wp\/v2\/tags?post=1475"}],"curies":[{"name":"wp","href":"https:\/\/api.w.org\/{rel}","templated":true}]}}