{"id":1464,"date":"2021-01-18T12:12:22","date_gmt":"2021-01-18T11:12:22","guid":{"rendered":"https:\/\/duhovyrok.sk\/?p=1464"},"modified":"2021-03-23T14:11:48","modified_gmt":"2021-03-23T13:11:48","slug":"tepla-vlna-webinar-gej-ci-homosexual-terminologia-lgbt-zivota","status":"publish","type":"post","link":"https:\/\/duhovyrok.sk\/tepla-vlna\/2021\/01\/18\/tepla-vlna-webinar-gej-ci-homosexual-terminologia-lgbt-zivota\/","title":{"rendered":"Tepl\u00e1 vlna (webin\u00e1r): Gej, \u010di homosexu\u00e1l? Terminol\u00f3gia LGBT+ \u017eivota"},"content":{"rendered":"\n<p>Ak chcete podporova\u0165 LGBTIQ komunitu mali by ste sa zorientova\u0165 v tom, \u010do znamen\u00e1 sexu\u00e1lna orient\u00e1cia a rodov\u00e1 identita? Tie\u017e by ste mali vedie\u0165 \u010do sa skr\u00fdva za p\u00edsmenkami L, G,B,T, I, Q? Nie je to len vymyslen\u00e1 skratka, ale skr\u00fdvaj\u00fa sa za \u0148ou konkr\u00e9tni \u013eudia s r\u00f4znymi rodov\u00fdmi identitami a sexu\u00e1lnymi orient\u00e1ciami, ktor\u00ed maj\u00fa svoje potreby a t\u00fa\u017eby.<\/p>\n\n\n\n<p>V na\u0161om kv\u00edze sme presk\u00fa\u0161ali na\u0161u kolegy\u0148u here\u010dku El\u00e9giu \u0160trbov\u00fa, ktor\u00e1 hovor\u00ed \u017ee je hetero spojenky\u0148ou komunity alebo tzv. fag heg. Ak chcete vedie\u0165 ako uspela a nie\u010do sa podu\u010di\u0165 sledujte n\u00e1\u0161 webin\u00e1r. Live stream webin\u00e1ru m\u00f4\u017eete sledova\u0165 u\u017e v stredu 20.1.2021 o 18:00. Zverejn\u00edme ho na <a rel=\"noreferrer noopener\" href=\"https:\/\/www.facebook.com\/duhovyrok\" target=\"_blank\"><strong>Facebooku D\u00fahov\u00fd rok<\/strong><\/a>.<\/p>\n\n\n\n<p>Podujatie podporilo <a href=\"http:\/\/culture.gov.sk\" target=\"_blank\" rel=\"noreferrer noopener\"><strong>Ministerstvo kult\u00fary Slovenskej republiky<\/strong><\/a>.<\/p>\n\n\n\n<figure class=\"wp-block-image size-large is-resized\"><a href=\"culture.gov.sk\"><img loading=\"lazy\" decoding=\"async\" src=\"https:\/\/duhovyrok.sk\/tepla-vlna\/wp-content\/uploads\/sites\/3\/2020\/12\/MKSR_LOGO_SK_COLOR.png\" alt=\"\" class=\"wp-image-1397\" width=\"303\" height=\"130\" srcset=\"https:\/\/duhovyrok.sk\/tepla-vlna\/wp-content\/uploads\/sites\/3\/2020\/12\/MKSR_LOGO_SK_COLOR.png 731w, https:\/\/duhovyrok.sk\/tepla-vlna\/wp-content\/uploads\/sites\/3\/2020\/12\/MKSR_LOGO_SK_COLOR-700x301.png 700w, https:\/\/duhovyrok.sk\/tepla-vlna\/wp-content\/uploads\/sites\/3\/2020\/12\/MKSR_LOGO_SK_COLOR-300x129.png 300w\" sizes=\"auto, (max-width: 303px) 100vw, 303px\" \/><\/a><\/figure>\n\n\n\n<p><\/p>\n","protected":false},"excerpt":{"rendered":"<p>Ak chcete podporova\u0165 LGBTIQ komunitu mali by ste sa zorientova\u0165 v tom, \u010do znamen\u00e1 sexu\u00e1lna orient\u00e1cia a rodov\u00e1 identita? Tie\u017e by ste mali vedie\u0165 \u010do sa skr\u00fdva za p\u00edsmenkami L, <a href=\"https:\/\/duhovyrok.sk\/tepla-vlna\/2021\/01\/18\/tepla-vlna-webinar-gej-ci-homosexual-terminologia-lgbt-zivota\/\" class=\"more-link\">&#8230;<\/a><\/p>\n","protected":false},"author":9,"featured_media":1465,"comment_status":"closed","ping_status":"open","sticky":false,"template":"","format":"standard","meta":{"footnotes":""},"categories":[3,2],"tags":[18,72,60,67,5,73,59],"class_list":["post-1464","post","type-post","status-publish","format-standard","has-post-thumbnail","hentry","category-novinky","category-tepla-vlna","tag-andrej-kuruc","tag-elegia-strbova","tag-lgbt","tag-rodova-identita","tag-tepla-vlna","tag-terminologia","tag-webinar"],"_links":{"self":[{"href":"https:\/\/duhovyrok.sk\/tepla-vlna\/wp-json\/wp\/v2\/posts\/1464","targetHints":{"allow":["GET"]}}],"collection":[{"href":"https:\/\/duhovyrok.sk\/tepla-vlna\/wp-json\/wp\/v2\/posts"}],"about":[{"href":"https:\/\/duhovyrok.sk\/tepla-vlna\/wp-json\/wp\/v2\/types\/post"}],"author":[{"embeddable":true,"href":"https:\/\/duhovyrok.sk\/tepla-vlna\/wp-json\/wp\/v2\/users\/9"}],"replies":[{"embeddable":true,"href":"https:\/\/duhovyrok.sk\/tepla-vlna\/wp-json\/wp\/v2\/comments?post=1464"}],"version-history":[{"count":1,"href":"https:\/\/duhovyrok.sk\/tepla-vlna\/wp-json\/wp\/v2\/posts\/1464\/revisions"}],"predecessor-version":[{"id":1534,"href":"https:\/\/duhovyrok.sk\/tepla-vlna\/wp-json\/wp\/v2\/posts\/1464\/revisions\/1534"}],"wp:featuredmedia":[{"embeddable":true,"href":"https:\/\/duhovyrok.sk\/tepla-vlna\/wp-json\/wp\/v2\/media\/1465"}],"wp:attachment":[{"href":"https:\/\/duhovyrok.sk\/tepla-vlna\/wp-json\/wp\/v2\/media?parent=1464"}],"wp:term":[{"taxonomy":"category","embeddable":true,"href":"https:\/\/duhovyrok.sk\/tepla-vlna\/wp-json\/wp\/v2\/categories?post=1464"},{"taxonomy":"post_tag","embeddable":true,"href":"https:\/\/duhovyrok.sk\/tepla-vlna\/wp-json\/wp\/v2\/tags?post=1464"}],"curies":[{"name":"wp","href":"https:\/\/api.w.org\/{rel}","templated":true}]}}