{"id":1441,"date":"2020-12-26T21:07:10","date_gmt":"2020-12-26T20:07:10","guid":{"rendered":"https:\/\/duhovyrok.sk\/?p=1441"},"modified":"2021-03-23T14:11:49","modified_gmt":"2021-03-23T13:11:49","slug":"tepla-vlna-umelkyna-pavlina-fichta-cierna-o-tom-ako-prijala-svoje-transorodove-dieta","status":"publish","type":"post","link":"https:\/\/duhovyrok.sk\/tepla-vlna\/2020\/12\/26\/tepla-vlna-umelkyna-pavlina-fichta-cierna-o-tom-ako-prijala-svoje-transorodove-dieta\/","title":{"rendered":"Tepl\u00e1 vlna: Umelky\u0148a Pavl\u00edna Fichta \u010cierna o\u00a0tom, ako prijala svoje transorodov\u00e9 die\u0165a"},"content":{"rendered":"\n<figure class=\"wp-block-embed is-type-video is-provider-youtube wp-block-embed-youtube wp-embed-aspect-16-9 wp-has-aspect-ratio\"><div class=\"wp-block-embed__wrapper\">\n<iframe loading=\"lazy\" title=\"Tepl\u00e1 vlna: Umelky\u0148a Pavl\u00edna Fichta \u010cierna o tom, ako prijala svoje transorodov\u00e9 die\u0165a\" width=\"1778\" height=\"1000\" src=\"https:\/\/www.youtube.com\/embed\/jlXtBbMf1_0?feature=oembed\" frameborder=\"0\" allow=\"accelerometer; autoplay; clipboard-write; encrypted-media; gyroscope; picture-in-picture\" allowfullscreen><\/iframe>\n<\/div><\/figure>\n\n\n\n<p>\u010eal\u0161ou hos\u0165kou Teplej vlny bola v\u00fdtvarn\u00e1 umelky\u0148a Pavl\u00edna Fichta \u010cierna. Vo svojom umen\u00ed sa venuje \u013eu\u010fom, ktor\u00ed sa vymykaj\u00fa z r\u00e1mca akceptovan\u00e9ho spolo\u010dnos\u0165ou. Sama je matkou transrodov\u00e9ho syna. Prezradila n\u00e1m ak\u00fdm predsudkom musela \u010deli\u0165 a \u010do jej pomohlo zvl\u00e1dnu\u0165 t\u00fato situ\u00e1ciu. Porozpr\u00e1vala aj, ako by sa rodi\u010da mali spr\u00e1va\u0165 k&nbsp;de\u0165om, ke\u010f im povedia, \u017ee maj\u00fa transrodov\u00fa identitu.<\/p>\n\n\n\n<p>Tepl\u00fa vlnu si m\u00f4\u017eete pozrie\u0165 na linku ni\u017e\u0161ie alebo vypo\u010du\u0165 na <a href=\"https:\/\/open.spotify.com\/episode\/6xcRVd9xD5xLvniPgn6FyZ?si=5_XgbqjiSNSYFBCyuyzpFA\" target=\"_blank\" rel=\"noreferrer noopener\">Spotify<\/a>, <a href=\"https:\/\/podcasts.apple.com\/sk\/podcast\/umelky%C5%88a-pavl%C3%ADna-fichta-%C4%8Dierna-o-tom-ako-prijala-svoje\/id1507703606?i=1000503553913&amp;l=sk\" target=\"_blank\" rel=\"noreferrer noopener\">Apple Podcasts<\/a> a <a href=\"https:\/\/www.podbean.com\/ew\/pb-xvq4u-f5f1e6\" target=\"_blank\" rel=\"noreferrer noopener\">Podbean<\/a>.<\/p>\n\n\n\n<p>Foto: Jakub Kov\u00e1\u010d<\/p>\n","protected":false},"excerpt":{"rendered":"<p>\u010eal\u0161ou hos\u0165kou Teplej vlny bola v\u00fdtvarn\u00e1 umelky\u0148a Pavl\u00edna Fichta \u010cierna. Vo svojom umen\u00ed sa venuje \u013eu\u010fom, ktor\u00ed sa vymykaj\u00fa z r\u00e1mca akceptovan\u00e9ho spolo\u010dnos\u0165ou. Sama je matkou transrodov\u00e9ho syna. Prezradila n\u00e1m <a href=\"https:\/\/duhovyrok.sk\/tepla-vlna\/2020\/12\/26\/tepla-vlna-umelkyna-pavlina-fichta-cierna-o-tom-ako-prijala-svoje-transorodove-dieta\/\" class=\"more-link\">&#8230;<\/a><\/p>\n","protected":false},"author":9,"featured_media":1444,"comment_status":"closed","ping_status":"open","sticky":false,"template":"","format":"video","meta":{"footnotes":""},"categories":[3,2],"tags":[18,68,4,5,69,70,71],"class_list":["post-1441","post","type-post","status-publish","format-video","has-post-thumbnail","hentry","category-novinky","category-tepla-vlna","tag-andrej-kuruc","tag-pavlina-fichta-cierna","tag-podcast","tag-tepla-vlna","tag-transrodovi-ludia","tag-transrodovost","tag-umelkyna","post_format-post-format-video"],"_links":{"self":[{"href":"https:\/\/duhovyrok.sk\/tepla-vlna\/wp-json\/wp\/v2\/posts\/1441","targetHints":{"allow":["GET"]}}],"collection":[{"href":"https:\/\/duhovyrok.sk\/tepla-vlna\/wp-json\/wp\/v2\/posts"}],"about":[{"href":"https:\/\/duhovyrok.sk\/tepla-vlna\/wp-json\/wp\/v2\/types\/post"}],"author":[{"embeddable":true,"href":"https:\/\/duhovyrok.sk\/tepla-vlna\/wp-json\/wp\/v2\/users\/9"}],"replies":[{"embeddable":true,"href":"https:\/\/duhovyrok.sk\/tepla-vlna\/wp-json\/wp\/v2\/comments?post=1441"}],"version-history":[{"count":3,"href":"https:\/\/duhovyrok.sk\/tepla-vlna\/wp-json\/wp\/v2\/posts\/1441\/revisions"}],"predecessor-version":[{"id":1519,"href":"https:\/\/duhovyrok.sk\/tepla-vlna\/wp-json\/wp\/v2\/posts\/1441\/revisions\/1519"}],"wp:featuredmedia":[{"embeddable":true,"href":"https:\/\/duhovyrok.sk\/tepla-vlna\/wp-json\/wp\/v2\/media\/1444"}],"wp:attachment":[{"href":"https:\/\/duhovyrok.sk\/tepla-vlna\/wp-json\/wp\/v2\/media?parent=1441"}],"wp:term":[{"taxonomy":"category","embeddable":true,"href":"https:\/\/duhovyrok.sk\/tepla-vlna\/wp-json\/wp\/v2\/categories?post=1441"},{"taxonomy":"post_tag","embeddable":true,"href":"https:\/\/duhovyrok.sk\/tepla-vlna\/wp-json\/wp\/v2\/tags?post=1441"}],"curies":[{"name":"wp","href":"https:\/\/api.w.org\/{rel}","templated":true}]}}