{"id":1437,"date":"2020-12-25T17:22:36","date_gmt":"2020-12-25T16:22:36","guid":{"rendered":"https:\/\/duhovyrok.sk\/?p=1437"},"modified":"2021-03-23T14:11:49","modified_gmt":"2021-03-23T13:11:49","slug":"do-teplej-vlny-pride-umelkyna-pavlina-fichta-cierna","status":"publish","type":"post","link":"https:\/\/duhovyrok.sk\/tepla-vlna\/2020\/12\/25\/do-teplej-vlny-pride-umelkyna-pavlina-fichta-cierna\/","title":{"rendered":"Do Teplej vlny pr\u00edde umelky\u0148a Pavl\u00edna Fichta \u010cierna"},"content":{"rendered":"\n<p><a rel=\"noreferrer noopener\" href=\"http:\/\/www.fichta.net\/\" target=\"_blank\">Pavl\u00edna Fichta \u010cierna<\/a><strong>\u00a0<\/strong>je s\u00fa\u010dasn\u00e1 slovensk\u00e1 umelky\u0148a, ktor\u00e1 vy\u0161tudovala Vysok\u00fa \u0161kolu v\u00fdtvarn\u00fdch umen\u00ed v Bratislave. V roku 2002 z\u00edskala <a rel=\"noreferrer noopener\" href=\"https:\/\/www.oskarcepan.sk\/sk\/application\/200\" target=\"_blank\">Cenu Osk\u00e1ra \u010cepana<\/a> a za\u010dala sa programovo venova\u0165 konkr\u00e9tnym \u013eu\u010fom zo svojho okolia, ktor\u00ed sa \u010dasto vymykaj\u00fa z r\u00e1mca akceptovan\u00e9ho spolo\u010dnos\u0165ou. Anga\u017euje sa v komunitn\u00fdch projektoch. Nato\u010dila dokument <a rel=\"noreferrer noopener\" href=\"https:\/\/www.csfd.cz\/film\/696809-transfokacia-po-zatieneni\/komentare\/\" target=\"_blank\"><strong>Transfok\u00e1cia po zatienen\u00ed<\/strong><\/a>, kde sa s\u00fastre\u010fuje na situ\u00e1ciu transrodov\u00fdch \u013eud\u00ed. Sama je matkou transrodov\u00e9ho syna Johanna, spolu s\u00a0ktor\u00fdm naposledy vystavovala svoje dielo <strong><a href=\"https:\/\/www.artwallgallery.cz\/cs\/vystava\/pavlina-fichta-cierna-spoluprace-claude-johann-cierny-za-trest\" target=\"_blank\" rel=\"noreferrer noopener\">Za trest<\/a><\/strong> v gal\u00e9rii <a href=\"https:\/\/www.artwallgallery.cz\/cs\" target=\"_blank\" rel=\"noreferrer noopener\">Artwall<\/a> v\u00a0Prahe.<\/p>\n\n\n\n<p>Foto: Jakub Kov\u00e1\u010d<\/p>\n","protected":false},"excerpt":{"rendered":"<p>Pavl\u00edna Fichta \u010cierna\u00a0je s\u00fa\u010dasn\u00e1 slovensk\u00e1 umelky\u0148a, ktor\u00e1 vy\u0161tudovala Vysok\u00fa \u0161kolu v\u00fdtvarn\u00fdch umen\u00ed v Bratislave. V roku 2002 z\u00edskala Cenu Osk\u00e1ra \u010cepana a za\u010dala sa programovo venova\u0165 konkr\u00e9tnym \u013eu\u010fom zo svojho <a href=\"https:\/\/duhovyrok.sk\/tepla-vlna\/2020\/12\/25\/do-teplej-vlny-pride-umelkyna-pavlina-fichta-cierna\/\" class=\"more-link\">&#8230;<\/a><\/p>\n","protected":false},"author":9,"featured_media":1439,"comment_status":"closed","ping_status":"open","sticky":false,"template":"","format":"standard","meta":{"footnotes":""},"categories":[3,2],"tags":[18,68,5,69,70,71],"class_list":["post-1437","post","type-post","status-publish","format-standard","has-post-thumbnail","hentry","category-novinky","category-tepla-vlna","tag-andrej-kuruc","tag-pavlina-fichta-cierna","tag-tepla-vlna","tag-transrodovi-ludia","tag-transrodovost","tag-umelkyna"],"_links":{"self":[{"href":"https:\/\/duhovyrok.sk\/tepla-vlna\/wp-json\/wp\/v2\/posts\/1437","targetHints":{"allow":["GET"]}}],"collection":[{"href":"https:\/\/duhovyrok.sk\/tepla-vlna\/wp-json\/wp\/v2\/posts"}],"about":[{"href":"https:\/\/duhovyrok.sk\/tepla-vlna\/wp-json\/wp\/v2\/types\/post"}],"author":[{"embeddable":true,"href":"https:\/\/duhovyrok.sk\/tepla-vlna\/wp-json\/wp\/v2\/users\/9"}],"replies":[{"embeddable":true,"href":"https:\/\/duhovyrok.sk\/tepla-vlna\/wp-json\/wp\/v2\/comments?post=1437"}],"version-history":[{"count":1,"href":"https:\/\/duhovyrok.sk\/tepla-vlna\/wp-json\/wp\/v2\/posts\/1437\/revisions"}],"predecessor-version":[{"id":1539,"href":"https:\/\/duhovyrok.sk\/tepla-vlna\/wp-json\/wp\/v2\/posts\/1437\/revisions\/1539"}],"wp:featuredmedia":[{"embeddable":true,"href":"https:\/\/duhovyrok.sk\/tepla-vlna\/wp-json\/wp\/v2\/media\/1439"}],"wp:attachment":[{"href":"https:\/\/duhovyrok.sk\/tepla-vlna\/wp-json\/wp\/v2\/media?parent=1437"}],"wp:term":[{"taxonomy":"category","embeddable":true,"href":"https:\/\/duhovyrok.sk\/tepla-vlna\/wp-json\/wp\/v2\/categories?post=1437"},{"taxonomy":"post_tag","embeddable":true,"href":"https:\/\/duhovyrok.sk\/tepla-vlna\/wp-json\/wp\/v2\/tags?post=1437"}],"curies":[{"name":"wp","href":"https:\/\/api.w.org\/{rel}","templated":true}]}}