{"id":1426,"date":"2020-12-19T19:39:19","date_gmt":"2020-12-19T18:39:19","guid":{"rendered":"https:\/\/duhovyrok.sk\/?p=1426"},"modified":"2021-03-23T14:11:49","modified_gmt":"2021-03-23T13:11:49","slug":"webinar-exkurz-do-dejin-queer-kultury","status":"publish","type":"post","link":"https:\/\/duhovyrok.sk\/tepla-vlna\/2020\/12\/19\/webinar-exkurz-do-dejin-queer-kultury\/","title":{"rendered":"Webin\u00e1r: Exkurz do dej\u00edn queer kult\u00fary"},"content":{"rendered":"\n<p>Pre\u010do potrebujeme v popkult\u00fare vidie\u0165 \u017eivot queer \u013eud\u00ed? Vybrali sme 12 v\u00fdnimo\u010dn\u00fdch pr\u00edbehov. Kult\u00fara pom\u00e1ha pochopi\u0165 na\u0161e pre\u017e\u00edvanie a na\u0161e pocity. Queer \u013eudia s\u00fa prirodzenou s\u00fa\u010das\u0165ou n\u00e1\u0161ho sveta, a preto sa aj ich pr\u00edbehy st\u00e1vaj\u00fa prirodzenou s\u00fa\u010das\u0165ou umenia. Napriek tomu je cenz\u00fara queer pr\u00edbehov na\u010falej s\u00fa\u010das\u0165ou dne\u0161n\u00e9ho sveta. Ako sa so spolo\u010denskou situ\u00e1ciou vyrovnali Ellen DeGeneres, Oscar Wilde, \u010di Robert Mapplethorpe? Zuzka Jak\u00fabkov\u00e1 a Marek Hudec si pre v\u00e1s vybrali zauj\u00edmav\u00e9 diela, ktor\u00e9 uk\u00e1zali, ak\u00e1 je kult\u00fara rozmanit\u00e1 a pomohli zvidite\u013eni\u0165 LGBT+ \u013eud\u00ed. <\/p>\n\n\n\n<p> Webin\u00e1r Exkurz do dej\u00edn queer kult\u00fary si m\u00f4\u017eete pozrie\u0165 na linku ni\u017e\u0161ie alebo na na\u0161ej <a href=\"https:\/\/www.facebook.com\/duhovyrok\">Facebookovej str\u00e1nke<\/a>. <\/p>\n\n\n\n<figure class=\"wp-block-embed-youtube wp-block-embed is-type-video is-provider-youtube wp-embed-aspect-16-9 wp-has-aspect-ratio\"><div class=\"wp-block-embed__wrapper\">\n<iframe loading=\"lazy\" title=\"Exkurz do dej\u00edn queer kult\u00fary\" width=\"1778\" height=\"1000\" src=\"https:\/\/www.youtube.com\/embed\/9_n3W-vlgLY?start=899&#038;feature=oembed\" frameborder=\"0\" allow=\"accelerometer; autoplay; clipboard-write; encrypted-media; gyroscope; picture-in-picture\" allowfullscreen><\/iframe>\n<\/div><\/figure>\n\n\n\n<p>Foto: Jakub Kov\u00e1\u010d<\/p>\n","protected":false},"excerpt":{"rendered":"<p>Pre\u010do potrebujeme v popkult\u00fare vidie\u0165 \u017eivot queer \u013eud\u00ed? Vybrali sme 12 v\u00fdnimo\u010dn\u00fdch pr\u00edbehov. Kult\u00fara pom\u00e1ha pochopi\u0165 na\u0161e pre\u017e\u00edvanie a na\u0161e pocity. Queer \u013eudia s\u00fa prirodzenou s\u00fa\u010das\u0165ou n\u00e1\u0161ho sveta, a preto <a href=\"https:\/\/duhovyrok.sk\/tepla-vlna\/2020\/12\/19\/webinar-exkurz-do-dejin-queer-kultury\/\" class=\"more-link\">&#8230;<\/a><\/p>\n","protected":false},"author":9,"featured_media":1428,"comment_status":"closed","ping_status":"open","sticky":false,"template":"","format":"standard","meta":{"footnotes":""},"categories":[3,2],"tags":[20,60,61,23,24,5,62,59],"class_list":["post-1426","post","type-post","status-publish","format-standard","has-post-thumbnail","hentry","category-novinky","category-tepla-vlna","tag-kultura","tag-lgbt","tag-marek-hudec","tag-queer","tag-queer-kultura","tag-tepla-vlna","tag-umenie","tag-webinar"],"_links":{"self":[{"href":"https:\/\/duhovyrok.sk\/tepla-vlna\/wp-json\/wp\/v2\/posts\/1426","targetHints":{"allow":["GET"]}}],"collection":[{"href":"https:\/\/duhovyrok.sk\/tepla-vlna\/wp-json\/wp\/v2\/posts"}],"about":[{"href":"https:\/\/duhovyrok.sk\/tepla-vlna\/wp-json\/wp\/v2\/types\/post"}],"author":[{"embeddable":true,"href":"https:\/\/duhovyrok.sk\/tepla-vlna\/wp-json\/wp\/v2\/users\/9"}],"replies":[{"embeddable":true,"href":"https:\/\/duhovyrok.sk\/tepla-vlna\/wp-json\/wp\/v2\/comments?post=1426"}],"version-history":[{"count":1,"href":"https:\/\/duhovyrok.sk\/tepla-vlna\/wp-json\/wp\/v2\/posts\/1426\/revisions"}],"predecessor-version":[{"id":1541,"href":"https:\/\/duhovyrok.sk\/tepla-vlna\/wp-json\/wp\/v2\/posts\/1426\/revisions\/1541"}],"wp:featuredmedia":[{"embeddable":true,"href":"https:\/\/duhovyrok.sk\/tepla-vlna\/wp-json\/wp\/v2\/media\/1428"}],"wp:attachment":[{"href":"https:\/\/duhovyrok.sk\/tepla-vlna\/wp-json\/wp\/v2\/media?parent=1426"}],"wp:term":[{"taxonomy":"category","embeddable":true,"href":"https:\/\/duhovyrok.sk\/tepla-vlna\/wp-json\/wp\/v2\/categories?post=1426"},{"taxonomy":"post_tag","embeddable":true,"href":"https:\/\/duhovyrok.sk\/tepla-vlna\/wp-json\/wp\/v2\/tags?post=1426"}],"curies":[{"name":"wp","href":"https:\/\/api.w.org\/{rel}","templated":true}]}}