{"id":1414,"date":"2020-12-15T17:39:12","date_gmt":"2020-12-15T16:39:12","guid":{"rendered":"https:\/\/duhovyrok.sk\/?p=1414"},"modified":"2021-03-23T14:11:49","modified_gmt":"2021-03-23T13:11:49","slug":"tepla-vlna-webinar-exkurz-do-dejin-queer-kultury","status":"publish","type":"post","link":"https:\/\/duhovyrok.sk\/tepla-vlna\/2020\/12\/15\/tepla-vlna-webinar-exkurz-do-dejin-queer-kultury\/","title":{"rendered":"Tepl\u00e1 vlna (webin\u00e1r): Exkurz do dej\u00edn queer kult\u00fary"},"content":{"rendered":"\n<p>Pre\u010do potrebujeme v popkult\u00fare vidie\u0165 \u017eivot queer \u013eud\u00ed? Vybrali sme 12 v\u00fdnimo\u010dn\u00fdch pr\u00edbehov.<\/p>\n\n\n\n<p>Kult\u00fara pom\u00e1ha pochopi\u0165 na\u0161e pre\u017e\u00edvanie a na\u0161e pocity. Queer \u013eudia s\u00fa prirodzenou s\u00fa\u010das\u0165ou n\u00e1\u0161ho sveta, a preto sa aj ich pr\u00edbehy st\u00e1vaj\u00fa prirodzenou s\u00fa\u010das\u0165ou umenia. Napriek tomu je cenz\u00fara queer pr\u00edbehov na\u010falej s\u00fa\u010das\u0165ou dne\u0161n\u00e9ho sveta.<\/p>\n\n\n\n<p>Ako sa so spolo\u010denskou situ\u00e1ciou vyrovnali Ellen DeGeneres, Oscar Wilde, \u010di Robert Mapplethorpe? Zuzka Jak\u00fabkov\u00e1 a Marek Hudec si pre v\u00e1s vybrali zauj\u00edmav\u00e9 diela, ktor\u00e9 uk\u00e1zali, ak\u00e1 je kult\u00fara rozmanit\u00e1 a pomohli zvidite\u013eni\u0165 LGBT+ \u013eud\u00ed.<\/p>\n\n\n\n<p>Video zverejn\u00edme na na\u0161om <a href=\"https:\/\/www.facebook.com\/duhovyrok\" target=\"_blank\" rel=\"noreferrer noopener\"><strong>Facebooku<\/strong><\/a> a <a href=\"https:\/\/www.youtube.com\/user\/NOMANTINELS\" target=\"_blank\" rel=\"noreferrer noopener\"><strong>Youtube kan\u00e1li<\/strong><\/a>.<\/p>\n\n\n\n<p>Webin\u00e1r podporilo <a href=\"https:\/\/www.culture.gov.sk\/\" target=\"_blank\" rel=\"noreferrer noopener\"><strong>Ministerstvo kult\u00fary Slovenskej republiky<\/strong><\/a>.<\/p>\n\n\n\n<figure class=\"wp-block-image size-large is-resized\"><a href=\"https:\/\/www.culture.gov.sk\/\" target=\"_blank\" rel=\"noopener noreferrer\"><img loading=\"lazy\" decoding=\"async\" src=\"https:\/\/duhovyrok.sk\/tepla-vlna\/wp-content\/uploads\/sites\/3\/2020\/12\/MKSR_ps_1.png\" alt=\"\" class=\"wp-image-1401\" width=\"287\" height=\"131\" srcset=\"https:\/\/duhovyrok.sk\/tepla-vlna\/wp-content\/uploads\/sites\/3\/2020\/12\/MKSR_ps_1.png 800w, https:\/\/duhovyrok.sk\/tepla-vlna\/wp-content\/uploads\/sites\/3\/2020\/12\/MKSR_ps_1-700x321.png 700w, https:\/\/duhovyrok.sk\/tepla-vlna\/wp-content\/uploads\/sites\/3\/2020\/12\/MKSR_ps_1-300x138.png 300w\" sizes=\"auto, (max-width: 287px) 100vw, 287px\" \/><\/a><\/figure>\n\n\n\n<p><\/p>\n","protected":false},"excerpt":{"rendered":"<p>Pre\u010do potrebujeme v popkult\u00fare vidie\u0165 \u017eivot queer \u013eud\u00ed? Vybrali sme 12 v\u00fdnimo\u010dn\u00fdch pr\u00edbehov. Kult\u00fara pom\u00e1ha pochopi\u0165 na\u0161e pre\u017e\u00edvanie a na\u0161e pocity. Queer \u013eudia s\u00fa prirodzenou s\u00fa\u010das\u0165ou n\u00e1\u0161ho sveta, a preto <a href=\"https:\/\/duhovyrok.sk\/tepla-vlna\/2020\/12\/15\/tepla-vlna-webinar-exkurz-do-dejin-queer-kultury\/\" class=\"more-link\">&#8230;<\/a><\/p>\n","protected":false},"author":9,"featured_media":1415,"comment_status":"closed","ping_status":"open","sticky":false,"template":"","format":"standard","meta":{"footnotes":""},"categories":[3,2],"tags":[20,58,23,5,59],"class_list":["post-1414","post","type-post","status-publish","format-standard","has-post-thumbnail","hentry","category-novinky","category-tepla-vlna","tag-kultura","tag-lgbti","tag-queer","tag-tepla-vlna","tag-webinar"],"_links":{"self":[{"href":"https:\/\/duhovyrok.sk\/tepla-vlna\/wp-json\/wp\/v2\/posts\/1414","targetHints":{"allow":["GET"]}}],"collection":[{"href":"https:\/\/duhovyrok.sk\/tepla-vlna\/wp-json\/wp\/v2\/posts"}],"about":[{"href":"https:\/\/duhovyrok.sk\/tepla-vlna\/wp-json\/wp\/v2\/types\/post"}],"author":[{"embeddable":true,"href":"https:\/\/duhovyrok.sk\/tepla-vlna\/wp-json\/wp\/v2\/users\/9"}],"replies":[{"embeddable":true,"href":"https:\/\/duhovyrok.sk\/tepla-vlna\/wp-json\/wp\/v2\/comments?post=1414"}],"version-history":[{"count":1,"href":"https:\/\/duhovyrok.sk\/tepla-vlna\/wp-json\/wp\/v2\/posts\/1414\/revisions"}],"predecessor-version":[{"id":1542,"href":"https:\/\/duhovyrok.sk\/tepla-vlna\/wp-json\/wp\/v2\/posts\/1414\/revisions\/1542"}],"wp:featuredmedia":[{"embeddable":true,"href":"https:\/\/duhovyrok.sk\/tepla-vlna\/wp-json\/wp\/v2\/media\/1415"}],"wp:attachment":[{"href":"https:\/\/duhovyrok.sk\/tepla-vlna\/wp-json\/wp\/v2\/media?parent=1414"}],"wp:term":[{"taxonomy":"category","embeddable":true,"href":"https:\/\/duhovyrok.sk\/tepla-vlna\/wp-json\/wp\/v2\/categories?post=1414"},{"taxonomy":"post_tag","embeddable":true,"href":"https:\/\/duhovyrok.sk\/tepla-vlna\/wp-json\/wp\/v2\/tags?post=1414"}],"curies":[{"name":"wp","href":"https:\/\/api.w.org\/{rel}","templated":true}]}}