{"id":1377,"date":"2020-12-10T17:25:00","date_gmt":"2020-12-10T16:25:00","guid":{"rendered":"https:\/\/duhovyrok.sk\/?p=1377"},"modified":"2021-03-23T14:11:49","modified_gmt":"2021-03-23T13:11:49","slug":"tepla-vlna-drzitel-dosiek-reziser-marian-amsler-o-teplych-ludoch-na-divadelnych-doskach","status":"publish","type":"post","link":"https:\/\/duhovyrok.sk\/tepla-vlna\/2020\/12\/10\/tepla-vlna-drzitel-dosiek-reziser-marian-amsler-o-teplych-ludoch-na-divadelnych-doskach\/","title":{"rendered":"Tepl\u00e1 vlna: Dr\u017eite\u013e dosiek re\u017eis\u00e9r Mari\u00e1n Amsler o\u00a0tepl\u00fdch \u013eu\u010foch na divadeln\u00fdch dosk\u00e1ch"},"content":{"rendered":"\n<p>V\u00a0Teplej vlne sme vyspovedali zn\u00e1meho divadeln\u00e9ho re\u017eis\u00e9ra a viacn\u00e1sobn\u00e9ho dr\u017eite\u013ea cien<br>Dosiek Mari\u00e1na Amslera. Op\u00fdtali sme sa ho ako sa dostal k\u00a0divadlu, kde p\u00f4sobil a\u00a0ak\u00fd je to<br>pocit dr\u017ea\u0165 dosky. Rozpr\u00e1vali sme sa aj o\u00a0jeho coming oute. Predstavil viacero queer hier,<br>ktor\u00e9 re\u017e\u00edroval, ako napr\u00edklad Small Town boy a\u00a0Lazurus. A\u00a0poodhalil na \u010do sa m\u00f4\u017eeme te\u0161i\u0165<br>v\u00a0novej hre <a href=\"https:\/\/www.facebook.com\/events\/1123455608093560\/?acontext=%7B%22event_action_history%22%3A[%7B%22mechanism%22%3A%22search_results%22%2C%22surface%22%3A%22search%22%7D]%7D\">Socializmus s\u00a0teplou tv\u00e1rou<\/a>, ktor\u00fa re\u017e\u00edruje pre divadlo <a href=\"http:\/\/nomantinels.sk\/\">NOMANTINELS<\/a>.<\/p>\n\n\n\n<p>Tepl\u00fa vlnu si m\u00f4\u017eete pozrie\u0165 na na\u0161om Youtube alebo vypo\u010du\u0165 ma <a href=\"https:\/\/podcasts.apple.com\/sk\/podcast\/dr%C5%BEite%C4%BE-dosiek-re%C5%BEis%C3%A9r-mari%C3%A1n-amsler-o-tepl%C3%BDch-%C4%BEu%C4%8Foch\/id1507703606?i=1000502244432&amp;l=sk\" target=\"_blank\" rel=\"noreferrer noopener\"><strong>Apple Podcasts<\/strong><\/a>, <a href=\"https:\/\/open.spotify.com\/episode\/7l0pZ1mCgxyOlWT6Et0fQ0?si=ocY4-hFDR1ylU01_WyQmhg\" target=\"_blank\" rel=\"noreferrer noopener\"><strong>Spotify<\/strong><\/a> a <a href=\"https:\/\/www.podbean.com\/ew\/pb-4g67n-f4d4cf\" target=\"_blank\" rel=\"noreferrer noopener\"><strong>Podbean<\/strong><\/a>.<\/p>\n\n\n\n<figure class=\"wp-block-embed-youtube wp-block-embed is-type-video is-provider-youtube wp-embed-aspect-16-9 wp-has-aspect-ratio\"><div class=\"wp-block-embed__wrapper\">\n<iframe loading=\"lazy\" title=\"Tepl\u00e1 vlna: Dr\u017eite\u013e dosiek re\u017eis\u00e9r Mari\u00e1n Amsler  o tepl\u00fdch \u013eu\u010foch na divadeln\u00fdch dosk\u00e1ch.\" width=\"1778\" height=\"1000\" src=\"https:\/\/www.youtube.com\/embed\/uXbUYLZ-HQg?feature=oembed\" frameborder=\"0\" allow=\"accelerometer; autoplay; clipboard-write; encrypted-media; gyroscope; picture-in-picture\" allowfullscreen><\/iframe>\n<\/div><\/figure>\n","protected":false},"excerpt":{"rendered":"<p>V\u00a0Teplej vlne sme vyspovedali zn\u00e1meho divadeln\u00e9ho re\u017eis\u00e9ra a viacn\u00e1sobn\u00e9ho dr\u017eite\u013ea cienDosiek Mari\u00e1na Amslera. Op\u00fdtali sme sa ho ako sa dostal k\u00a0divadlu, kde p\u00f4sobil a\u00a0ak\u00fd je topocit dr\u017ea\u0165 dosky. Rozpr\u00e1vali sme <a href=\"https:\/\/duhovyrok.sk\/tepla-vlna\/2020\/12\/10\/tepla-vlna-drzitel-dosiek-reziser-marian-amsler-o-teplych-ludoch-na-divadelnych-doskach\/\" class=\"more-link\">&#8230;<\/a><\/p>\n","protected":false},"author":9,"featured_media":1411,"comment_status":"closed","ping_status":"open","sticky":false,"template":"","format":"standard","meta":{"footnotes":""},"categories":[3,2],"tags":[42,55,23,56,57,5],"class_list":["post-1377","post","type-post","status-publish","format-standard","has-post-thumbnail","hentry","category-novinky","category-tepla-vlna","tag-loading-love","tag-marian-amsler","tag-queer","tag-queer-divadlo","tag-socializmus-s-teplou-tvarou","tag-tepla-vlna"],"_links":{"self":[{"href":"https:\/\/duhovyrok.sk\/tepla-vlna\/wp-json\/wp\/v2\/posts\/1377","targetHints":{"allow":["GET"]}}],"collection":[{"href":"https:\/\/duhovyrok.sk\/tepla-vlna\/wp-json\/wp\/v2\/posts"}],"about":[{"href":"https:\/\/duhovyrok.sk\/tepla-vlna\/wp-json\/wp\/v2\/types\/post"}],"author":[{"embeddable":true,"href":"https:\/\/duhovyrok.sk\/tepla-vlna\/wp-json\/wp\/v2\/users\/9"}],"replies":[{"embeddable":true,"href":"https:\/\/duhovyrok.sk\/tepla-vlna\/wp-json\/wp\/v2\/comments?post=1377"}],"version-history":[{"count":1,"href":"https:\/\/duhovyrok.sk\/tepla-vlna\/wp-json\/wp\/v2\/posts\/1377\/revisions"}],"predecessor-version":[{"id":1543,"href":"https:\/\/duhovyrok.sk\/tepla-vlna\/wp-json\/wp\/v2\/posts\/1377\/revisions\/1543"}],"wp:featuredmedia":[{"embeddable":true,"href":"https:\/\/duhovyrok.sk\/tepla-vlna\/wp-json\/wp\/v2\/media\/1411"}],"wp:attachment":[{"href":"https:\/\/duhovyrok.sk\/tepla-vlna\/wp-json\/wp\/v2\/media?parent=1377"}],"wp:term":[{"taxonomy":"category","embeddable":true,"href":"https:\/\/duhovyrok.sk\/tepla-vlna\/wp-json\/wp\/v2\/categories?post=1377"},{"taxonomy":"post_tag","embeddable":true,"href":"https:\/\/duhovyrok.sk\/tepla-vlna\/wp-json\/wp\/v2\/tags?post=1377"}],"curies":[{"name":"wp","href":"https:\/\/api.w.org\/{rel}","templated":true}]}}