{"id":1373,"date":"2020-12-09T16:45:00","date_gmt":"2020-12-09T15:45:00","guid":{"rendered":"https:\/\/duhovyrok.sk\/?p=1373"},"modified":"2021-03-23T14:11:49","modified_gmt":"2021-03-23T13:11:49","slug":"do-teplej-vlny-pride-reziser-marian-amsler","status":"publish","type":"post","link":"https:\/\/duhovyrok.sk\/tepla-vlna\/2020\/12\/09\/do-teplej-vlny-pride-reziser-marian-amsler\/","title":{"rendered":"Do Teplej vlny pr\u00edde re\u017eis\u00e9r Mari\u00e1n Amsler"},"content":{"rendered":"\n<p>V\u00a0\u010fal\u0161om vydan\u00ed Teplej vlny priv\u00edtame zn\u00e1meho slovensk\u00e9ho re\u017eis\u00e9ra Mari\u00e1na Amslera.<br>Inscen\u00e1cia Fanny a\u00a0Alexander, ktor\u00fa re\u017e\u00edroval v\u00a0Slovenskom n\u00e1rodnom divadle, dostala<br>v\u00a0roku 2016 divadeln\u00e9 ocenenie Dosky za najlep\u0161iu inscen\u00e1ciu sez\u00f3ny. Viackr\u00e1t dostal cenu<br>za objav sez\u00f3ny. Po skon\u010den\u00ed \u0161t\u00fadia re\u017eijne spolupracoval s\u00a0mnoh\u00fdmi slovensk\u00fdmi i\u00a0\u010desk\u00fdmi<br>divadlami ako napr\u00edklad \u010dinohra SND, Divadlo Andreja Bagara v\u00a0Nitre, Slovensk\u00e9 komorn\u00e9<br>divadlo v\u00a0Martine, Dejvick\u00e9 divadlo v\u00a0Prahe, HaDivadlo v\u00a0Brne, kde bol\u00a0v\u00a0rokoch 2010 \u2013<br>2014 aj jeho umeleck\u00fdm \u0161\u00e9fom. V\u00a0roku 2005 sa stal spoluzakladate\u013eom nez\u00e1visl\u00e9ho Divadla<br>Let\u00ed v\u00a0Prahe, ktor\u00e9 sa dodnes s\u00fastre\u010fuje v\u00fdhradne na s\u00fa\u010dasn\u00e9 dramatick\u00e9 texty aj s\u00a0LGBTI<br>tematikou. V s\u00fa\u010dasnosti p\u00f4sob\u00ed aj ako\u00a0docent na Vysokej \u0161kole m\u00fazick\u00fdch umen\u00ed v<br>Bratislave na Katedre r\u00e9\u017eie a dramaturgie.<\/p>\n\n\n\n<p>Foto: \u013dubo\u0161 Kotl\u00e1r<\/p>\n","protected":false},"excerpt":{"rendered":"<p>V\u00a0\u010fal\u0161om vydan\u00ed Teplej vlny priv\u00edtame zn\u00e1meho slovensk\u00e9ho re\u017eis\u00e9ra Mari\u00e1na Amslera.Inscen\u00e1cia Fanny a\u00a0Alexander, ktor\u00fa re\u017e\u00edroval v\u00a0Slovenskom n\u00e1rodnom divadle, dostalav\u00a0roku 2016 divadeln\u00e9 ocenenie Dosky za najlep\u0161iu inscen\u00e1ciu sez\u00f3ny. Viackr\u00e1t dostal cenuza objav <a href=\"https:\/\/duhovyrok.sk\/tepla-vlna\/2020\/12\/09\/do-teplej-vlny-pride-reziser-marian-amsler\/\" class=\"more-link\">&#8230;<\/a><\/p>\n","protected":false},"author":9,"featured_media":1374,"comment_status":"closed","ping_status":"open","sticky":false,"template":"","format":"standard","meta":{"footnotes":""},"categories":[3,2],"tags":[45,42,55,23,56,57,5],"class_list":["post-1373","post","type-post","status-publish","format-standard","has-post-thumbnail","hentry","category-novinky","category-tepla-vlna","tag-divadlo","tag-loading-love","tag-marian-amsler","tag-queer","tag-queer-divadlo","tag-socializmus-s-teplou-tvarou","tag-tepla-vlna"],"_links":{"self":[{"href":"https:\/\/duhovyrok.sk\/tepla-vlna\/wp-json\/wp\/v2\/posts\/1373","targetHints":{"allow":["GET"]}}],"collection":[{"href":"https:\/\/duhovyrok.sk\/tepla-vlna\/wp-json\/wp\/v2\/posts"}],"about":[{"href":"https:\/\/duhovyrok.sk\/tepla-vlna\/wp-json\/wp\/v2\/types\/post"}],"author":[{"embeddable":true,"href":"https:\/\/duhovyrok.sk\/tepla-vlna\/wp-json\/wp\/v2\/users\/9"}],"replies":[{"embeddable":true,"href":"https:\/\/duhovyrok.sk\/tepla-vlna\/wp-json\/wp\/v2\/comments?post=1373"}],"version-history":[{"count":1,"href":"https:\/\/duhovyrok.sk\/tepla-vlna\/wp-json\/wp\/v2\/posts\/1373\/revisions"}],"predecessor-version":[{"id":1544,"href":"https:\/\/duhovyrok.sk\/tepla-vlna\/wp-json\/wp\/v2\/posts\/1373\/revisions\/1544"}],"wp:featuredmedia":[{"embeddable":true,"href":"https:\/\/duhovyrok.sk\/tepla-vlna\/wp-json\/wp\/v2\/media\/1374"}],"wp:attachment":[{"href":"https:\/\/duhovyrok.sk\/tepla-vlna\/wp-json\/wp\/v2\/media?parent=1373"}],"wp:term":[{"taxonomy":"category","embeddable":true,"href":"https:\/\/duhovyrok.sk\/tepla-vlna\/wp-json\/wp\/v2\/categories?post=1373"},{"taxonomy":"post_tag","embeddable":true,"href":"https:\/\/duhovyrok.sk\/tepla-vlna\/wp-json\/wp\/v2\/tags?post=1373"}],"curies":[{"name":"wp","href":"https:\/\/api.w.org\/{rel}","templated":true}]}}