{"id":1368,"date":"2020-11-30T20:00:00","date_gmt":"2020-11-30T19:00:00","guid":{"rendered":"https:\/\/duhovyrok.sk\/?p=1368"},"modified":"2021-03-23T14:11:49","modified_gmt":"2021-03-23T13:11:49","slug":"zahrejte-sa-so-zahym-epizoda1","status":"publish","type":"post","link":"https:\/\/duhovyrok.sk\/tepla-vlna\/2020\/11\/30\/zahrejte-sa-so-zahym-epizoda1\/","title":{"rendered":"Zahrejte sa so Zahym &#8211; Epiz\u00f3da 1"},"content":{"rendered":"\n<p>Coming out je n\u00e1ro\u010dn\u00e1 sk\u00fasenos\u0165 pre ka\u017ed\u00e9ho geja, lesbu, bisexu\u00e1lneho \u010dloveka, pre trans chlapcov a trans diev\u010dat\u00e1 ako aj pre rodovo nebin\u00e1rnych \u013eud\u00ed. Pochybnosti, neistota, strach sa striedaj\u00fa s t\u00fa\u017ebou, zvedavos\u0165ou a hladom po inform\u00e1ci\u00e1ch. K tomu potrebujete pokoj a \u010das. <\/p>\n\n\n\n<p>Naladi\u0165 sa na h\u013eadanie pre v\u00e1s vhodn\u00fdch rie\u0161en\u00ed v\u00e1m m\u00f4\u017ee pom\u00f4c\u0165 na\u0161a queer abeceda cvikov. Nepopierame, \u017ee sme sa in\u0161pirovali j\u00f3gou, ale povedali sme si, \u017ee mi \u010do m\u00e1me radi d\u00fahu, jednoro\u017ece a Madonu potrebujeme nie\u010do jedine\u010dn\u00e9. Ak sa chcete rozh\u00fdba\u0165 a z\u00e1rove\u0148 n\u00e1js\u0165 vn\u00fatorn\u00fd balans, sledujte n\u00e1s.<\/p>\n\n\n\n<p>Foto: Jakub Kov\u00e1\u010d<\/p>\n\n\n\n<figure class=\"wp-block-embed-youtube wp-block-embed is-type-video is-provider-youtube wp-embed-aspect-16-9 wp-has-aspect-ratio\"><div class=\"wp-block-embed__wrapper\">\n<iframe loading=\"lazy\" title=\"Zahrejte sa so Zahym EP1\" width=\"1778\" height=\"1000\" src=\"https:\/\/www.youtube.com\/embed\/TTwdnNvYob0?start=2403&#038;feature=oembed\" frameborder=\"0\" allow=\"accelerometer; autoplay; clipboard-write; encrypted-media; gyroscope; picture-in-picture\" allowfullscreen><\/iframe>\n<\/div><\/figure>\n","protected":false},"excerpt":{"rendered":"<p>Coming out je n\u00e1ro\u010dn\u00e1 sk\u00fasenos\u0165 pre ka\u017ed\u00e9ho geja, lesbu, bisexu\u00e1lneho \u010dloveka, pre trans chlapcov a trans diev\u010dat\u00e1 ako aj pre rodovo nebin\u00e1rnych \u013eud\u00ed. Pochybnosti, neistota, strach sa striedaj\u00fa s t\u00fa\u017ebou, <a href=\"https:\/\/duhovyrok.sk\/tepla-vlna\/2020\/11\/30\/zahrejte-sa-so-zahym-epizoda1\/\" class=\"more-link\">&#8230;<\/a><\/p>\n","protected":false},"author":9,"featured_media":1382,"comment_status":"closed","ping_status":"open","sticky":false,"template":"","format":"standard","meta":{"footnotes":""},"categories":[3,2],"tags":[50,51,23,52,5,53,54],"class_list":["post-1368","post","type-post","status-publish","format-standard","has-post-thumbnail","hentry","category-novinky","category-tepla-vlna","tag-komunitne-cvicenia","tag-lukas-zahy","tag-queer","tag-serial","tag-tepla-vlna","tag-tepla-vlna-zahrejte-sa-so-zahym","tag-zahrejte-sa-so-zahym"],"_links":{"self":[{"href":"https:\/\/duhovyrok.sk\/tepla-vlna\/wp-json\/wp\/v2\/posts\/1368","targetHints":{"allow":["GET"]}}],"collection":[{"href":"https:\/\/duhovyrok.sk\/tepla-vlna\/wp-json\/wp\/v2\/posts"}],"about":[{"href":"https:\/\/duhovyrok.sk\/tepla-vlna\/wp-json\/wp\/v2\/types\/post"}],"author":[{"embeddable":true,"href":"https:\/\/duhovyrok.sk\/tepla-vlna\/wp-json\/wp\/v2\/users\/9"}],"replies":[{"embeddable":true,"href":"https:\/\/duhovyrok.sk\/tepla-vlna\/wp-json\/wp\/v2\/comments?post=1368"}],"version-history":[{"count":1,"href":"https:\/\/duhovyrok.sk\/tepla-vlna\/wp-json\/wp\/v2\/posts\/1368\/revisions"}],"predecessor-version":[{"id":1545,"href":"https:\/\/duhovyrok.sk\/tepla-vlna\/wp-json\/wp\/v2\/posts\/1368\/revisions\/1545"}],"wp:featuredmedia":[{"embeddable":true,"href":"https:\/\/duhovyrok.sk\/tepla-vlna\/wp-json\/wp\/v2\/media\/1382"}],"wp:attachment":[{"href":"https:\/\/duhovyrok.sk\/tepla-vlna\/wp-json\/wp\/v2\/media?parent=1368"}],"wp:term":[{"taxonomy":"category","embeddable":true,"href":"https:\/\/duhovyrok.sk\/tepla-vlna\/wp-json\/wp\/v2\/categories?post=1368"},{"taxonomy":"post_tag","embeddable":true,"href":"https:\/\/duhovyrok.sk\/tepla-vlna\/wp-json\/wp\/v2\/tags?post=1368"}],"curies":[{"name":"wp","href":"https:\/\/api.w.org\/{rel}","templated":true}]}}