{"id":1364,"date":"2020-11-27T17:45:00","date_gmt":"2020-11-27T16:45:00","guid":{"rendered":"https:\/\/duhovyrok.sk\/?p=1364"},"modified":"2021-03-23T14:11:49","modified_gmt":"2021-03-23T13:11:49","slug":"novy-serial-ktory-pomaha-hladat-vnutorny-balans-zahrejte-sa-so-zahym","status":"publish","type":"post","link":"https:\/\/duhovyrok.sk\/tepla-vlna\/2020\/11\/27\/novy-serial-ktory-pomaha-hladat-vnutorny-balans-zahrejte-sa-so-zahym\/","title":{"rendered":"Nov\u00fd seri\u00e1l, ktor\u00fd pom\u00e1ha h\u013eada\u0165 vn\u00fatorn\u00fd balans &#8211; Zahrejte sa so Zahym"},"content":{"rendered":"\n<p>Zahrejte sa so Zahym je nov\u00fd seri\u00e1l komunitn\u00fdch cvi\u010den\u00ed s tane\u010dn\u00edkom a performerom Luk\u00e1\u0161om Zahym, ktor\u00fd prin\u00e1\u0161ame v r\u00e1mci Teplej vlny. Sledujte n\u00e1s a \u010doskoro sa dozviete viac&#8230; <\/p>\n\n\n\n<p>Foto: Jakub Kov\u00e1\u010d<\/p>\n","protected":false},"excerpt":{"rendered":"<p>Zahrejte sa so Zahym je nov\u00fd seri\u00e1l komunitn\u00fdch cvi\u010den\u00ed s tane\u010dn\u00edkom a performerom Luk\u00e1\u0161om Zahym, ktor\u00fd prin\u00e1\u0161ame v r\u00e1mci Teplej vlny. Sledujte n\u00e1s a \u010doskoro sa dozviete viac&#8230; Foto: Jakub <a href=\"https:\/\/duhovyrok.sk\/tepla-vlna\/2020\/11\/27\/novy-serial-ktory-pomaha-hladat-vnutorny-balans-zahrejte-sa-so-zahym\/\" class=\"more-link\">&#8230;<\/a><\/p>\n","protected":false},"author":9,"featured_media":1380,"comment_status":"closed","ping_status":"open","sticky":false,"template":"","format":"standard","meta":{"footnotes":""},"categories":[3,2],"tags":[50,51,23,52,5,53,54],"class_list":["post-1364","post","type-post","status-publish","format-standard","has-post-thumbnail","hentry","category-novinky","category-tepla-vlna","tag-komunitne-cvicenia","tag-lukas-zahy","tag-queer","tag-serial","tag-tepla-vlna","tag-tepla-vlna-zahrejte-sa-so-zahym","tag-zahrejte-sa-so-zahym"],"_links":{"self":[{"href":"https:\/\/duhovyrok.sk\/tepla-vlna\/wp-json\/wp\/v2\/posts\/1364","targetHints":{"allow":["GET"]}}],"collection":[{"href":"https:\/\/duhovyrok.sk\/tepla-vlna\/wp-json\/wp\/v2\/posts"}],"about":[{"href":"https:\/\/duhovyrok.sk\/tepla-vlna\/wp-json\/wp\/v2\/types\/post"}],"author":[{"embeddable":true,"href":"https:\/\/duhovyrok.sk\/tepla-vlna\/wp-json\/wp\/v2\/users\/9"}],"replies":[{"embeddable":true,"href":"https:\/\/duhovyrok.sk\/tepla-vlna\/wp-json\/wp\/v2\/comments?post=1364"}],"version-history":[{"count":1,"href":"https:\/\/duhovyrok.sk\/tepla-vlna\/wp-json\/wp\/v2\/posts\/1364\/revisions"}],"predecessor-version":[{"id":1546,"href":"https:\/\/duhovyrok.sk\/tepla-vlna\/wp-json\/wp\/v2\/posts\/1364\/revisions\/1546"}],"wp:featuredmedia":[{"embeddable":true,"href":"https:\/\/duhovyrok.sk\/tepla-vlna\/wp-json\/wp\/v2\/media\/1380"}],"wp:attachment":[{"href":"https:\/\/duhovyrok.sk\/tepla-vlna\/wp-json\/wp\/v2\/media?parent=1364"}],"wp:term":[{"taxonomy":"category","embeddable":true,"href":"https:\/\/duhovyrok.sk\/tepla-vlna\/wp-json\/wp\/v2\/categories?post=1364"},{"taxonomy":"post_tag","embeddable":true,"href":"https:\/\/duhovyrok.sk\/tepla-vlna\/wp-json\/wp\/v2\/tags?post=1364"}],"curies":[{"name":"wp","href":"https:\/\/api.w.org\/{rel}","templated":true}]}}