{"id":1353,"date":"2020-11-18T18:20:24","date_gmt":"2020-11-18T17:20:24","guid":{"rendered":"https:\/\/duhovyrok.sk\/?p=1353"},"modified":"2021-03-23T14:11:49","modified_gmt":"2021-03-23T13:11:49","slug":"v-teplej-vlne-politolog-andrej-findor","status":"publish","type":"post","link":"https:\/\/duhovyrok.sk\/tepla-vlna\/2020\/11\/18\/v-teplej-vlne-politolog-andrej-findor\/","title":{"rendered":"V Teplej vlne politol\u00f3g Andrej Findor"},"content":{"rendered":"\n<p>V \u010fal\u0161om vydan\u00ed Teplej vlny sa budeme rozpr\u00e1va\u0165 s politol\u00f3gom docentom Andrejom Findorom v \u00dastave eur\u00f3pskych \u0161t\u00fadi\u00ed a medzin\u00e1rodn\u00fdch vz\u0165ahov Fakulty soci\u00e1lnych a ekonomick\u00fdch vied Univerzity Komensk\u00e9ho v Bratislave. V\u00fdskumne ho zauj\u00edma mor\u00e1lne usudzovanie a jeho vz\u0165ah k politick\u00fdm postojom, interven\u010dn\u00e9 met\u00f3dy zameran\u00e9 na zmier\u0148ovania stereotypov, predsudkov a diskriminuj\u00faceho spr\u00e1vania vo\u010di stigmatizovan\u00fdm skupin\u00e1m, a presved\u010duj\u00faca komunik\u00e1cia ved\u00faca k pozit\u00edvnej soci\u00e1lnej zmene. V niektor\u00fdch svojich v\u00fdskumoch sa zameriaval aj na postoje vo vz\u0165ahu k LGBTI \u013eu\u010fom a p\u00e1rom rovnak\u00e9ho pohlavia.&nbsp;&nbsp;<\/p>\n","protected":false},"excerpt":{"rendered":"<p>V \u010fal\u0161om vydan\u00ed Teplej vlny sa budeme rozpr\u00e1va\u0165 s politol\u00f3gom docentom Andrejom Findorom v \u00dastave eur\u00f3pskych \u0161t\u00fadi\u00ed a medzin\u00e1rodn\u00fdch vz\u0165ahov Fakulty soci\u00e1lnych a ekonomick\u00fdch vied Univerzity Komensk\u00e9ho v Bratislave. V\u00fdskumne <a href=\"https:\/\/duhovyrok.sk\/tepla-vlna\/2020\/11\/18\/v-teplej-vlne-politolog-andrej-findor\/\" class=\"more-link\">&#8230;<\/a><\/p>\n","protected":false},"author":9,"featured_media":1354,"comment_status":"closed","ping_status":"open","sticky":false,"template":"","format":"standard","meta":{"footnotes":""},"categories":[3,2],"tags":[48,4,49,5],"class_list":["post-1353","post","type-post","status-publish","format-standard","has-post-thumbnail","hentry","category-novinky","category-tepla-vlna","tag-andrej-findor","tag-podcast","tag-politolog","tag-tepla-vlna"],"_links":{"self":[{"href":"https:\/\/duhovyrok.sk\/tepla-vlna\/wp-json\/wp\/v2\/posts\/1353","targetHints":{"allow":["GET"]}}],"collection":[{"href":"https:\/\/duhovyrok.sk\/tepla-vlna\/wp-json\/wp\/v2\/posts"}],"about":[{"href":"https:\/\/duhovyrok.sk\/tepla-vlna\/wp-json\/wp\/v2\/types\/post"}],"author":[{"embeddable":true,"href":"https:\/\/duhovyrok.sk\/tepla-vlna\/wp-json\/wp\/v2\/users\/9"}],"replies":[{"embeddable":true,"href":"https:\/\/duhovyrok.sk\/tepla-vlna\/wp-json\/wp\/v2\/comments?post=1353"}],"version-history":[{"count":1,"href":"https:\/\/duhovyrok.sk\/tepla-vlna\/wp-json\/wp\/v2\/posts\/1353\/revisions"}],"predecessor-version":[{"id":1548,"href":"https:\/\/duhovyrok.sk\/tepla-vlna\/wp-json\/wp\/v2\/posts\/1353\/revisions\/1548"}],"wp:featuredmedia":[{"embeddable":true,"href":"https:\/\/duhovyrok.sk\/tepla-vlna\/wp-json\/wp\/v2\/media\/1354"}],"wp:attachment":[{"href":"https:\/\/duhovyrok.sk\/tepla-vlna\/wp-json\/wp\/v2\/media?parent=1353"}],"wp:term":[{"taxonomy":"category","embeddable":true,"href":"https:\/\/duhovyrok.sk\/tepla-vlna\/wp-json\/wp\/v2\/categories?post=1353"},{"taxonomy":"post_tag","embeddable":true,"href":"https:\/\/duhovyrok.sk\/tepla-vlna\/wp-json\/wp\/v2\/tags?post=1353"}],"curies":[{"name":"wp","href":"https:\/\/api.w.org\/{rel}","templated":true}]}}