{"id":1345,"date":"2020-11-05T19:59:19","date_gmt":"2020-11-05T18:59:19","guid":{"rendered":"https:\/\/duhovyrok.sk\/?p=1345"},"modified":"2021-03-23T14:11:49","modified_gmt":"2021-03-23T13:11:49","slug":"maria-patakyova-verejna-ochrankyna-prav-o-nerovnosti-a-porusovani-prav-lgbti-ludi-na-slovensku","status":"publish","type":"post","link":"https:\/\/duhovyrok.sk\/tepla-vlna\/2020\/11\/05\/maria-patakyova-verejna-ochrankyna-prav-o-nerovnosti-a-porusovani-prav-lgbti-ludi-na-slovensku\/","title":{"rendered":"M\u00e1ria Patakyov\u00e1 &#8211; verejn\u00e1 ochranky\u0148a pr\u00e1v o nerovnosti a poru\u0161ovan\u00ed pr\u00e1v LGBTI \u013eud\u00ed na Slovensku"},"content":{"rendered":"\n<p>V Teplej vlne sme sa rozpr\u00e1vali o poru\u0161ovan\u00ed z\u00e1kladn\u00fdch pr\u00e1v a slob\u00f4d d\u00fahovej komunity. Pod\u013ea verejnej ochrankyne pr\u00e1v M\u00e1rie Patakyovej je pr\u00e1vne uznanie spolu\u017eitia p\u00e1rov rovnak\u00e9ho pohlavia s\u00fa\u010das\u0165ou \u013eudskopr\u00e1vnych \u0161tandardov. Vyjadrila sa k situ\u00e1ciu transrodov\u00fdch \u013eud\u00ed, ktor\u00ed musia podstupova\u0165 ne\u013eudsk\u00fa n\u00faten\u00fa steriliz\u00e1ciu, \u010di kastr\u00e1ciu. Prihovorila sa tie\u017e mlad\u00fdm LGBTI \u013eu\u010fom.<\/p>\n\n\n\n<p>\u00a0Tepl\u00fa vlnu si m\u00f4\u017eete pozrie\u0165 na na\u0161om Youtube alebo vypo\u010du\u0165 na\u00a0<a rel=\"noreferrer noopener\" href=\"https:\/\/open.spotify.com\/episode\/1YjLguowB3EwtKJs6an2Ny?si=lBPb9ApJTNO5vWEBNWfCMA\" target=\"_blank\"><strong>Spotify<\/strong><\/a>,\u00a0<a rel=\"noreferrer noopener\" href=\"https:\/\/www.podbean.com\/eu\/pb-ttajb-f168df\" target=\"_blank\"><strong>PodBean<\/strong><\/a>\u00a0a\u00a0<a rel=\"noreferrer noopener\" href=\"https:\/\/podcasts.apple.com\/sk\/podcast\/m%C3%A1ria-patakyov%C3%A1-verejn%C3%A1-ochranky%C5%88a-pr%C3%A1v-o-nerovnosti\/id1507703606?i=1000497330416\" target=\"_blank\"><strong>ApplePodcasts<\/strong><\/a>.<\/p>\n\n\n\n<figure class=\"wp-block-embed-youtube wp-block-embed is-type-video is-provider-youtube wp-embed-aspect-16-9 wp-has-aspect-ratio\"><div class=\"wp-block-embed__wrapper\">\n<iframe loading=\"lazy\" title=\"Tepl\u00e1 vlna: M\u00e1ria Patakyov\u00e1 verejn\u00e1 ochranky\u0148a pr\u00e1v o poru\u0161ovan\u00ed pr\u00e1v LGBTI \u013eud\u00ed na Slovensku\" width=\"1778\" height=\"1000\" src=\"https:\/\/www.youtube.com\/embed\/MokP47dGLoo?feature=oembed\" frameborder=\"0\" allow=\"accelerometer; autoplay; clipboard-write; encrypted-media; gyroscope; picture-in-picture\" allowfullscreen><\/iframe>\n<\/div><\/figure>\n","protected":false},"excerpt":{"rendered":"<p>V Teplej vlne sme sa rozpr\u00e1vali o poru\u0161ovan\u00ed z\u00e1kladn\u00fdch pr\u00e1v a slob\u00f4d d\u00fahovej komunity. Pod\u013ea verejnej ochrankyne pr\u00e1v M\u00e1rie Patakyovej je pr\u00e1vne uznanie spolu\u017eitia p\u00e1rov rovnak\u00e9ho pohlavia s\u00fa\u010das\u0165ou \u013eudskopr\u00e1vnych \u0161tandardov. <a href=\"https:\/\/duhovyrok.sk\/tepla-vlna\/2020\/11\/05\/maria-patakyova-verejna-ochrankyna-prav-o-nerovnosti-a-porusovani-prav-lgbti-ludi-na-slovensku\/\" class=\"more-link\">&#8230;<\/a><\/p>\n","protected":false},"author":9,"featured_media":1347,"comment_status":"closed","ping_status":"open","sticky":false,"template":"","format":"video","meta":{"footnotes":""},"categories":[3,2],"tags":[46,4,5,47],"class_list":["post-1345","post","type-post","status-publish","format-video","has-post-thumbnail","hentry","category-novinky","category-tepla-vlna","tag-maria-patakyova","tag-podcast","tag-tepla-vlna","tag-verejna-ochrankyna-prav","post_format-post-format-video"],"_links":{"self":[{"href":"https:\/\/duhovyrok.sk\/tepla-vlna\/wp-json\/wp\/v2\/posts\/1345","targetHints":{"allow":["GET"]}}],"collection":[{"href":"https:\/\/duhovyrok.sk\/tepla-vlna\/wp-json\/wp\/v2\/posts"}],"about":[{"href":"https:\/\/duhovyrok.sk\/tepla-vlna\/wp-json\/wp\/v2\/types\/post"}],"author":[{"embeddable":true,"href":"https:\/\/duhovyrok.sk\/tepla-vlna\/wp-json\/wp\/v2\/users\/9"}],"replies":[{"embeddable":true,"href":"https:\/\/duhovyrok.sk\/tepla-vlna\/wp-json\/wp\/v2\/comments?post=1345"}],"version-history":[{"count":1,"href":"https:\/\/duhovyrok.sk\/tepla-vlna\/wp-json\/wp\/v2\/posts\/1345\/revisions"}],"predecessor-version":[{"id":1549,"href":"https:\/\/duhovyrok.sk\/tepla-vlna\/wp-json\/wp\/v2\/posts\/1345\/revisions\/1549"}],"wp:featuredmedia":[{"embeddable":true,"href":"https:\/\/duhovyrok.sk\/tepla-vlna\/wp-json\/wp\/v2\/media\/1347"}],"wp:attachment":[{"href":"https:\/\/duhovyrok.sk\/tepla-vlna\/wp-json\/wp\/v2\/media?parent=1345"}],"wp:term":[{"taxonomy":"category","embeddable":true,"href":"https:\/\/duhovyrok.sk\/tepla-vlna\/wp-json\/wp\/v2\/categories?post=1345"},{"taxonomy":"post_tag","embeddable":true,"href":"https:\/\/duhovyrok.sk\/tepla-vlna\/wp-json\/wp\/v2\/tags?post=1345"}],"curies":[{"name":"wp","href":"https:\/\/api.w.org\/{rel}","templated":true}]}}