{"id":1342,"date":"2020-11-04T19:24:22","date_gmt":"2020-11-04T18:24:22","guid":{"rendered":"https:\/\/duhovyrok.sk\/?p=1342"},"modified":"2021-03-23T14:11:49","modified_gmt":"2021-03-23T13:11:49","slug":"do-teplej-vlny-sme-pozvali-verejnu-ochrankynu-prav","status":"publish","type":"post","link":"https:\/\/duhovyrok.sk\/tepla-vlna\/2020\/11\/04\/do-teplej-vlny-sme-pozvali-verejnu-ochrankynu-prav\/","title":{"rendered":"Do Teplej vlny sme pozvali verejn\u00fa ochranky\u0148u pr\u00e1v"},"content":{"rendered":"\n<p>V \u010fal\u0161om vydan\u00ed Teplej vlny sme vyspovedali vz\u00e1cnu n\u00e1v\u0161tevu <a href=\"https:\/\/www.vop.gov.sk\/\">verejn\u00fa ochranky\u0148u pr\u00e1v<\/a>\u00a0 a univerzitn\u00fa profesorku JUDr.\u00a0M\u00e1riu Patakyov\u00fa, PhD. Popri pr\u00e1ci na \u00farade VOP p\u00f4sob\u00ed aj na\u00a0Pr\u00e1vnickej fakulte Univerzity Komensk\u00e9ho v\u00a0Bratislave ako prorektorka pre legislat\u00edvu a \u00a0zastupuje \u00a0ju v\u00a0medzin\u00e1rodnom programe European Masters in\u00a0Human Rights and Democratization (<a rel=\"noreferrer noopener\" href=\"http:\/\/e.ma\/\" target=\"_blank\">E.MA<\/a>). Od svojho zvolenia sa z\u00fa\u010dastnila s\u00a0pr\u00edhovorom na ka\u017edom D\u00fahovom Pride Bratislava a podporila tak LGBTI komunitu. Okrem situ\u00e1cie mnoh\u00fdch zranite\u013en\u00fdch skup\u00edn \u013eud\u00ed sa vo svojich v\u00fdro\u010dn\u00fdch spr\u00e1vach pravidelne venuje aj probl\u00e9mom d\u00fahovej komunity a\u00a0rie\u0161i ich aj v\u00a0r\u00e1mci podan\u00fdch podnetov na poru\u0161enie z\u00e1kladn\u00fdch pr\u00e1v a\u00a0slob\u00f4d.\u00a0\u00a0\u00a0<\/p>\n","protected":false},"excerpt":{"rendered":"<p>V \u010fal\u0161om vydan\u00ed Teplej vlny sme vyspovedali vz\u00e1cnu n\u00e1v\u0161tevu verejn\u00fa ochranky\u0148u pr\u00e1v\u00a0 a univerzitn\u00fa profesorku JUDr.\u00a0M\u00e1riu Patakyov\u00fa, PhD. Popri pr\u00e1ci na \u00farade VOP p\u00f4sob\u00ed aj na\u00a0Pr\u00e1vnickej fakulte Univerzity Komensk\u00e9ho v\u00a0Bratislave <a href=\"https:\/\/duhovyrok.sk\/tepla-vlna\/2020\/11\/04\/do-teplej-vlny-sme-pozvali-verejnu-ochrankynu-prav\/\" class=\"more-link\">&#8230;<\/a><\/p>\n","protected":false},"author":9,"featured_media":1344,"comment_status":"closed","ping_status":"open","sticky":false,"template":"","format":"standard","meta":{"footnotes":""},"categories":[3,2],"tags":[46,4,5,47],"class_list":["post-1342","post","type-post","status-publish","format-standard","has-post-thumbnail","hentry","category-novinky","category-tepla-vlna","tag-maria-patakyova","tag-podcast","tag-tepla-vlna","tag-verejna-ochrankyna-prav"],"_links":{"self":[{"href":"https:\/\/duhovyrok.sk\/tepla-vlna\/wp-json\/wp\/v2\/posts\/1342","targetHints":{"allow":["GET"]}}],"collection":[{"href":"https:\/\/duhovyrok.sk\/tepla-vlna\/wp-json\/wp\/v2\/posts"}],"about":[{"href":"https:\/\/duhovyrok.sk\/tepla-vlna\/wp-json\/wp\/v2\/types\/post"}],"author":[{"embeddable":true,"href":"https:\/\/duhovyrok.sk\/tepla-vlna\/wp-json\/wp\/v2\/users\/9"}],"replies":[{"embeddable":true,"href":"https:\/\/duhovyrok.sk\/tepla-vlna\/wp-json\/wp\/v2\/comments?post=1342"}],"version-history":[{"count":1,"href":"https:\/\/duhovyrok.sk\/tepla-vlna\/wp-json\/wp\/v2\/posts\/1342\/revisions"}],"predecessor-version":[{"id":1550,"href":"https:\/\/duhovyrok.sk\/tepla-vlna\/wp-json\/wp\/v2\/posts\/1342\/revisions\/1550"}],"wp:featuredmedia":[{"embeddable":true,"href":"https:\/\/duhovyrok.sk\/tepla-vlna\/wp-json\/wp\/v2\/media\/1344"}],"wp:attachment":[{"href":"https:\/\/duhovyrok.sk\/tepla-vlna\/wp-json\/wp\/v2\/media?parent=1342"}],"wp:term":[{"taxonomy":"category","embeddable":true,"href":"https:\/\/duhovyrok.sk\/tepla-vlna\/wp-json\/wp\/v2\/categories?post=1342"},{"taxonomy":"post_tag","embeddable":true,"href":"https:\/\/duhovyrok.sk\/tepla-vlna\/wp-json\/wp\/v2\/tags?post=1342"}],"curies":[{"name":"wp","href":"https:\/\/api.w.org\/{rel}","templated":true}]}}