{"id":1335,"date":"2020-10-23T14:24:12","date_gmt":"2020-10-23T12:24:12","guid":{"rendered":"https:\/\/duhovyrok.sk\/?p=1335"},"modified":"2021-03-23T14:11:49","modified_gmt":"2021-03-23T13:11:49","slug":"kontroverzne-divadlo-alebo-slobodne-vyjadrenie-identit-robert-pakan-riaditel-festivalu-drama-queer","status":"publish","type":"post","link":"https:\/\/duhovyrok.sk\/tepla-vlna\/2020\/10\/23\/kontroverzne-divadlo-alebo-slobodne-vyjadrenie-identit-robert-pakan-riaditel-festivalu-drama-queer\/","title":{"rendered":"Kontroverzn\u00e9 divadlo, alebo slobodn\u00e9 vyjadrenie ident\u00edt? \u2013 R\u00f3bert Pakan riadite\u013e festivalu Drama Queer"},"content":{"rendered":"\n<p>V Teplej vlne sme sa rozpr\u00e1vali o\u00a0queer divadle. Riadite\u013e festivalu <a href=\"https:\/\/dramaqueer.sk\/\">Drama Queer<\/a>\u00a0 R\u00f3bert Pakan. pribl\u00ed\u017eil za\u010diatky festivalu. Vysvetlil, \u017ee ide o mo\u017enos\u0165 slobodne rozpr\u00e1va\u0165 pr\u00edbehy \u013eud\u00ed, ktor\u00fdch identita a\u00a0orient\u00e1cia nezapad\u00e1 do tradi\u010dn\u00fdch \u0161katuliek. Zhodnotil situ\u00e1ciu v kult\u00fare po\u010das pand\u00e9mie. Poodhalil aj svoj osobn\u00fd coming out matke.<\/p>\n\n\n\n<p>Nov\u00fd diel si m\u00f4\u017eete pozrie\u0165 ni\u017e\u0161ie na Youtube alebo vypo\u010du\u0165 na\u00a0<a rel=\"noreferrer noopener\" href=\"https:\/\/open.spotify.com\/episode\/0aOFW12lxOthVMkn5pAuWl?si=q4MoH68xTxOeNXqo3ANrHw\" target=\"_blank\">Spotify<\/a>,\u00a0<a rel=\"noreferrer noopener\" href=\"https:\/\/www.podbean.com\/media\/share\/pb-8kg2v-f01518\" target=\"_blank\">PodBean<\/a>,\u00a0<a rel=\"noreferrer noopener\" href=\"https:\/\/podcasts.apple.com\/us\/podcast\/kontroverzn%C3%A9-divadlo-alebo-slobodn%C3%A9-vyjadrenie-ident%C3%ADt\/id1507703606?i=1000495652328\" target=\"_blank\">Apple Podcasts<\/a>.<\/p>\n\n\n\n<figure class=\"wp-block-embed-youtube wp-block-embed is-type-video is-provider-youtube wp-embed-aspect-16-9 wp-has-aspect-ratio\"><div class=\"wp-block-embed__wrapper\">\n<iframe loading=\"lazy\" title=\"Tepl\u00e1 vlna: Kontroverzn\u00e9 divadlo, alebo slobodn\u00e9 vyjadrenie ident\u00edt? \u2013 s R\u00f3bertom Pakanom\" width=\"1778\" height=\"1000\" src=\"https:\/\/www.youtube.com\/embed\/WRv58h29QQE?feature=oembed\" frameborder=\"0\" allow=\"accelerometer; autoplay; clipboard-write; encrypted-media; gyroscope; picture-in-picture\" allowfullscreen><\/iframe>\n<\/div><\/figure>\n","protected":false},"excerpt":{"rendered":"<p>V Teplej vlne sme sa rozpr\u00e1vali o\u00a0queer divadle. Riadite\u013e festivalu Drama Queer\u00a0 R\u00f3bert Pakan. pribl\u00ed\u017eil za\u010diatky festivalu. Vysvetlil, \u017ee ide o mo\u017enos\u0165 slobodne rozpr\u00e1va\u0165 pr\u00edbehy \u013eud\u00ed, ktor\u00fdch identita a\u00a0orient\u00e1cia nezapad\u00e1 <a href=\"https:\/\/duhovyrok.sk\/tepla-vlna\/2020\/10\/23\/kontroverzne-divadlo-alebo-slobodne-vyjadrenie-identit-robert-pakan-riaditel-festivalu-drama-queer\/\" class=\"more-link\">&#8230;<\/a><\/p>\n","protected":false},"author":9,"featured_media":1337,"comment_status":"closed","ping_status":"open","sticky":false,"template":"","format":"video","meta":{"footnotes":""},"categories":[3,2],"tags":[45,41,43,4,44,5],"class_list":["post-1335","post","type-post","status-publish","format-video","has-post-thumbnail","hentry","category-novinky","category-tepla-vlna","tag-divadlo","tag-drama-queer","tag-nomantinels","tag-podcast","tag-robert-pakan","tag-tepla-vlna","post_format-post-format-video"],"_links":{"self":[{"href":"https:\/\/duhovyrok.sk\/tepla-vlna\/wp-json\/wp\/v2\/posts\/1335","targetHints":{"allow":["GET"]}}],"collection":[{"href":"https:\/\/duhovyrok.sk\/tepla-vlna\/wp-json\/wp\/v2\/posts"}],"about":[{"href":"https:\/\/duhovyrok.sk\/tepla-vlna\/wp-json\/wp\/v2\/types\/post"}],"author":[{"embeddable":true,"href":"https:\/\/duhovyrok.sk\/tepla-vlna\/wp-json\/wp\/v2\/users\/9"}],"replies":[{"embeddable":true,"href":"https:\/\/duhovyrok.sk\/tepla-vlna\/wp-json\/wp\/v2\/comments?post=1335"}],"version-history":[{"count":1,"href":"https:\/\/duhovyrok.sk\/tepla-vlna\/wp-json\/wp\/v2\/posts\/1335\/revisions"}],"predecessor-version":[{"id":1551,"href":"https:\/\/duhovyrok.sk\/tepla-vlna\/wp-json\/wp\/v2\/posts\/1335\/revisions\/1551"}],"wp:featuredmedia":[{"embeddable":true,"href":"https:\/\/duhovyrok.sk\/tepla-vlna\/wp-json\/wp\/v2\/media\/1337"}],"wp:attachment":[{"href":"https:\/\/duhovyrok.sk\/tepla-vlna\/wp-json\/wp\/v2\/media?parent=1335"}],"wp:term":[{"taxonomy":"category","embeddable":true,"href":"https:\/\/duhovyrok.sk\/tepla-vlna\/wp-json\/wp\/v2\/categories?post=1335"},{"taxonomy":"post_tag","embeddable":true,"href":"https:\/\/duhovyrok.sk\/tepla-vlna\/wp-json\/wp\/v2\/tags?post=1335"}],"curies":[{"name":"wp","href":"https:\/\/api.w.org\/{rel}","templated":true}]}}