{"id":1332,"date":"2020-10-22T14:53:24","date_gmt":"2020-10-22T12:53:24","guid":{"rendered":"https:\/\/duhovyrok.sk\/?p=1332"},"modified":"2021-03-23T14:12:07","modified_gmt":"2021-03-23T13:12:07","slug":"v-teplej-vlne-riaditel-divadelneho-festivalu-drama-queer","status":"publish","type":"post","link":"https:\/\/duhovyrok.sk\/tepla-vlna\/2020\/10\/22\/v-teplej-vlne-riaditel-divadelneho-festivalu-drama-queer\/","title":{"rendered":"V Teplej vlne riadite\u013e divadeln\u00e9ho festivalu Drama Queer"},"content":{"rendered":"\n<p>Najbli\u017e\u0161\u00edm hos\u0165om v Teplej vlne: R\u00f3bert Pakan. Riadite\u013e divadeln\u00e9ho festivalu <a href=\"https:\/\/dramaqueer.sk\/\">Drama Queer<\/a>, u\u017e t\u00fato jese\u0148 prinesie 8. ro\u010dn\u00edk. Pred 10 rokmi sa podie\u013eal na vzniku \u013eudskopr\u00e1vneho <a href=\"http:\/\/nomantinels.sk\/\">divadla Nomantinels<\/a>, kde \u00faspe\u0161ne realizoval mnoh\u00e9 projekty s problematikou LGBTI \u013eud\u00ed a rodovej rovnosti. Ako dramatik vo svojich hr\u00e1ch rozober\u00e1 t\u00e9mu ident\u00edt. R\u00f3bert, tie\u017e p\u00f4sob\u00ed v jednej z najv\u00fdraznej\u0161\u00edch pam\u00e4\u0165ov\u00fdch organiz\u00e1ci\u00ed na Slovensku a \u010cesku, v <a href=\"https:\/\/www.postbellum.sk\/\">Post Bellum<\/a>. <\/p>\n\n\n\n<p>Foto: Jakub Kov\u00e1\u010d<\/p>\n","protected":false},"excerpt":{"rendered":"<p>Najbli\u017e\u0161\u00edm hos\u0165om v Teplej vlne: R\u00f3bert Pakan. Riadite\u013e divadeln\u00e9ho festivalu Drama Queer, u\u017e t\u00fato jese\u0148 prinesie 8. ro\u010dn\u00edk. Pred 10 rokmi sa podie\u013eal na vzniku \u013eudskopr\u00e1vneho divadla Nomantinels, kde \u00faspe\u0161ne <a href=\"https:\/\/duhovyrok.sk\/tepla-vlna\/2020\/10\/22\/v-teplej-vlne-riaditel-divadelneho-festivalu-drama-queer\/\" class=\"more-link\">&#8230;<\/a><\/p>\n","protected":false},"author":9,"featured_media":1333,"comment_status":"closed","ping_status":"open","sticky":false,"template":"","format":"standard","meta":{"footnotes":""},"categories":[3,2],"tags":[41,42,43,4,44,5],"class_list":["post-1332","post","type-post","status-publish","format-standard","has-post-thumbnail","hentry","category-novinky","category-tepla-vlna","tag-drama-queer","tag-loading-love","tag-nomantinels","tag-podcast","tag-robert-pakan","tag-tepla-vlna"],"_links":{"self":[{"href":"https:\/\/duhovyrok.sk\/tepla-vlna\/wp-json\/wp\/v2\/posts\/1332","targetHints":{"allow":["GET"]}}],"collection":[{"href":"https:\/\/duhovyrok.sk\/tepla-vlna\/wp-json\/wp\/v2\/posts"}],"about":[{"href":"https:\/\/duhovyrok.sk\/tepla-vlna\/wp-json\/wp\/v2\/types\/post"}],"author":[{"embeddable":true,"href":"https:\/\/duhovyrok.sk\/tepla-vlna\/wp-json\/wp\/v2\/users\/9"}],"replies":[{"embeddable":true,"href":"https:\/\/duhovyrok.sk\/tepla-vlna\/wp-json\/wp\/v2\/comments?post=1332"}],"version-history":[{"count":1,"href":"https:\/\/duhovyrok.sk\/tepla-vlna\/wp-json\/wp\/v2\/posts\/1332\/revisions"}],"predecessor-version":[{"id":1552,"href":"https:\/\/duhovyrok.sk\/tepla-vlna\/wp-json\/wp\/v2\/posts\/1332\/revisions\/1552"}],"wp:featuredmedia":[{"embeddable":true,"href":"https:\/\/duhovyrok.sk\/tepla-vlna\/wp-json\/wp\/v2\/media\/1333"}],"wp:attachment":[{"href":"https:\/\/duhovyrok.sk\/tepla-vlna\/wp-json\/wp\/v2\/media?parent=1332"}],"wp:term":[{"taxonomy":"category","embeddable":true,"href":"https:\/\/duhovyrok.sk\/tepla-vlna\/wp-json\/wp\/v2\/categories?post=1332"},{"taxonomy":"post_tag","embeddable":true,"href":"https:\/\/duhovyrok.sk\/tepla-vlna\/wp-json\/wp\/v2\/tags?post=1332"}],"curies":[{"name":"wp","href":"https:\/\/api.w.org\/{rel}","templated":true}]}}