{"id":1321,"date":"2020-10-15T19:15:27","date_gmt":"2020-10-15T17:15:27","guid":{"rendered":"https:\/\/duhovyrok.sk\/?p=1321"},"modified":"2021-03-23T14:12:07","modified_gmt":"2021-03-23T13:12:07","slug":"dusan-martincok-z-projektov-susedia-na-dvore-a-oz-zrejme","status":"publish","type":"post","link":"https:\/\/duhovyrok.sk\/tepla-vlna\/2020\/10\/15\/dusan-martincok-z-projektov-susedia-na-dvore-a-oz-zrejme\/","title":{"rendered":"Du\u0161an Martin\u010dok z projektov Susedia na dvore a oz Zrejme"},"content":{"rendered":"\n<p>V&nbsp;Teplej vlne sme sa rozpr\u00e1vali o&nbsp;prep\u00e1jan\u00ed r\u00f4znych komun\u00edt. Du\u0161an Martin\u010dok<br>dostal v&nbsp;roku 2019 Cenu Inakosti za pozit\u00edvne zvidite\u013enenie seba a LGBTI komunity. S&nbsp;man\u017eelom Michalom mal svadbu v&nbsp;Luxembursku. V&nbsp;rozhovore pribl\u00ed\u017eil ako sa im \u017eilo tam<br>a&nbsp;pre\u010do sa vr\u00e1tili na Slovensko, ktor\u00e9 ich zv\u00e4zok neuzn\u00e1va. Pribl\u00ed\u017eil projekt Susedia na dvore<br>a knihu Z\u00e1hrebsk\u00e1 o&nbsp;medzigenera\u010dnom dial\u00f3gu.<\/p>\n\n\n\n<p>Tepl\u00fa vlnu si m\u00f4\u017eete pozrie\u0165 na na\u0161om Youtube alebo vypo\u010du\u0165 na\u00a0<a rel=\"noreferrer noopener\" href=\"https:\/\/open.spotify.com\/episode\/0BGwjJ3iZ7JlvDK7mtWqsO?si=lxCUnL6RQF2bh-yzySvkNQ\" target=\"_blank\"><strong>Spotify<\/strong><\/a>,\u00a0<a rel=\"noreferrer noopener\" href=\"https:\/\/www.podbean.com\/eu\/pb-ra35h-ef40e6\" target=\"_blank\"><strong>PodBean<\/strong><\/a>\u00a0a\u00a0<a rel=\"noreferrer noopener\" href=\"https:\/\/podcasts.apple.com\/sk\/podcast\/svadbu-s-man%C5%BEelom-mal-v-luxemburgu-na-slovensku-prep%C3%A1ja\/id1507703606?i=1000494785911&amp;l=sk\" target=\"_blank\"><strong>ApplePodcasts<\/strong><\/a>.\u00a0\u00a0<\/p>\n\n\n\n<figure class=\"wp-block-embed-youtube wp-block-embed is-type-video is-provider-youtube wp-embed-aspect-16-9 wp-has-aspect-ratio\"><div class=\"wp-block-embed__wrapper\">\n<iframe loading=\"lazy\" title=\"Tepl\u00e1 vlna: Du\u0161an Martin\u010dok o prep\u00e1jan\u00ed r\u00f4znych komun\u00edt a pre\u010do sa vr\u00e1til na Slovensko.\" width=\"1778\" height=\"1000\" src=\"https:\/\/www.youtube.com\/embed\/1k2UDHlygeI?feature=oembed\" frameborder=\"0\" allow=\"accelerometer; autoplay; clipboard-write; encrypted-media; gyroscope; picture-in-picture\" allowfullscreen><\/iframe>\n<\/div><\/figure>\n","protected":false},"excerpt":{"rendered":"<p>V&nbsp;Teplej vlne sme sa rozpr\u00e1vali o&nbsp;prep\u00e1jan\u00ed r\u00f4znych komun\u00edt. Du\u0161an Martin\u010dokdostal v&nbsp;roku 2019 Cenu Inakosti za pozit\u00edvne zvidite\u013enenie seba a LGBTI komunity. S&nbsp;man\u017eelom Michalom mal svadbu v&nbsp;Luxembursku. V&nbsp;rozhovore pribl\u00ed\u017eil ako sa <a href=\"https:\/\/duhovyrok.sk\/tepla-vlna\/2020\/10\/15\/dusan-martincok-z-projektov-susedia-na-dvore-a-oz-zrejme\/\" class=\"more-link\">&#8230;<\/a><\/p>\n","protected":false},"author":9,"featured_media":1322,"comment_status":"closed","ping_status":"open","sticky":false,"template":"","format":"standard","meta":{"footnotes":""},"categories":[3,2],"tags":[40,4,5],"class_list":["post-1321","post","type-post","status-publish","format-standard","has-post-thumbnail","hentry","category-novinky","category-tepla-vlna","tag-dusan-martincok","tag-podcast","tag-tepla-vlna"],"_links":{"self":[{"href":"https:\/\/duhovyrok.sk\/tepla-vlna\/wp-json\/wp\/v2\/posts\/1321","targetHints":{"allow":["GET"]}}],"collection":[{"href":"https:\/\/duhovyrok.sk\/tepla-vlna\/wp-json\/wp\/v2\/posts"}],"about":[{"href":"https:\/\/duhovyrok.sk\/tepla-vlna\/wp-json\/wp\/v2\/types\/post"}],"author":[{"embeddable":true,"href":"https:\/\/duhovyrok.sk\/tepla-vlna\/wp-json\/wp\/v2\/users\/9"}],"replies":[{"embeddable":true,"href":"https:\/\/duhovyrok.sk\/tepla-vlna\/wp-json\/wp\/v2\/comments?post=1321"}],"version-history":[{"count":1,"href":"https:\/\/duhovyrok.sk\/tepla-vlna\/wp-json\/wp\/v2\/posts\/1321\/revisions"}],"predecessor-version":[{"id":1553,"href":"https:\/\/duhovyrok.sk\/tepla-vlna\/wp-json\/wp\/v2\/posts\/1321\/revisions\/1553"}],"wp:featuredmedia":[{"embeddable":true,"href":"https:\/\/duhovyrok.sk\/tepla-vlna\/wp-json\/wp\/v2\/media\/1322"}],"wp:attachment":[{"href":"https:\/\/duhovyrok.sk\/tepla-vlna\/wp-json\/wp\/v2\/media?parent=1321"}],"wp:term":[{"taxonomy":"category","embeddable":true,"href":"https:\/\/duhovyrok.sk\/tepla-vlna\/wp-json\/wp\/v2\/categories?post=1321"},{"taxonomy":"post_tag","embeddable":true,"href":"https:\/\/duhovyrok.sk\/tepla-vlna\/wp-json\/wp\/v2\/tags?post=1321"}],"curies":[{"name":"wp","href":"https:\/\/api.w.org\/{rel}","templated":true}]}}