{"id":1316,"date":"2020-10-12T17:42:01","date_gmt":"2020-10-12T15:42:01","guid":{"rendered":"https:\/\/duhovyrok.sk\/?p=1316"},"modified":"2021-03-23T14:12:07","modified_gmt":"2021-03-23T13:12:07","slug":"dusan-martincok-hostom-v-teplej-vlne","status":"publish","type":"post","link":"https:\/\/duhovyrok.sk\/tepla-vlna\/2020\/10\/12\/dusan-martincok-hostom-v-teplej-vlne\/","title":{"rendered":"Du\u0161an Martin\u010dok hos\u0165om v Teplej vlne"},"content":{"rendered":"\n<p>Najbli\u017e\u0161\u00edm hos\u0165om v Teplej vlne bude Du\u0161an Martin\u010dok. V roku 2019 dostal Cenu Inakosti za pozit\u00edvne zvidite\u013enenie seba a LGBTI komunity. S man\u017eelom Michalom mal svadbu v Luxembursku. Vytvoril komunitn\u00fd projekt Susedia na dvore a s \u010fal\u0161\u00edmi priate\u013emi zalo\u017eil ob\u010dianske zdru\u017eenie <a rel=\"noreferrer noopener\" href=\"https:\/\/zrejme.sk\/\" target=\"_blank\">Zrejme<\/a>. So svojimi aktivitami prep\u00e1ja r\u00f4zne komunity na Slovensku.<\/p>\n\n\n\n<p>Foto: Michal Hu\u0161taty<\/p>\n","protected":false},"excerpt":{"rendered":"<p>Najbli\u017e\u0161\u00edm hos\u0165om v Teplej vlne bude Du\u0161an Martin\u010dok. V roku 2019 dostal Cenu Inakosti za pozit\u00edvne zvidite\u013enenie seba a LGBTI komunity. S man\u017eelom Michalom mal svadbu v Luxembursku. Vytvoril komunitn\u00fd <a href=\"https:\/\/duhovyrok.sk\/tepla-vlna\/2020\/10\/12\/dusan-martincok-hostom-v-teplej-vlne\/\" class=\"more-link\">&#8230;<\/a><\/p>\n","protected":false},"author":9,"featured_media":1317,"comment_status":"closed","ping_status":"open","sticky":false,"template":"","format":"standard","meta":{"footnotes":""},"categories":[3,2],"tags":[40,4,5],"class_list":["post-1316","post","type-post","status-publish","format-standard","has-post-thumbnail","hentry","category-novinky","category-tepla-vlna","tag-dusan-martincok","tag-podcast","tag-tepla-vlna"],"_links":{"self":[{"href":"https:\/\/duhovyrok.sk\/tepla-vlna\/wp-json\/wp\/v2\/posts\/1316","targetHints":{"allow":["GET"]}}],"collection":[{"href":"https:\/\/duhovyrok.sk\/tepla-vlna\/wp-json\/wp\/v2\/posts"}],"about":[{"href":"https:\/\/duhovyrok.sk\/tepla-vlna\/wp-json\/wp\/v2\/types\/post"}],"author":[{"embeddable":true,"href":"https:\/\/duhovyrok.sk\/tepla-vlna\/wp-json\/wp\/v2\/users\/9"}],"replies":[{"embeddable":true,"href":"https:\/\/duhovyrok.sk\/tepla-vlna\/wp-json\/wp\/v2\/comments?post=1316"}],"version-history":[{"count":1,"href":"https:\/\/duhovyrok.sk\/tepla-vlna\/wp-json\/wp\/v2\/posts\/1316\/revisions"}],"predecessor-version":[{"id":1554,"href":"https:\/\/duhovyrok.sk\/tepla-vlna\/wp-json\/wp\/v2\/posts\/1316\/revisions\/1554"}],"wp:featuredmedia":[{"embeddable":true,"href":"https:\/\/duhovyrok.sk\/tepla-vlna\/wp-json\/wp\/v2\/media\/1317"}],"wp:attachment":[{"href":"https:\/\/duhovyrok.sk\/tepla-vlna\/wp-json\/wp\/v2\/media?parent=1316"}],"wp:term":[{"taxonomy":"category","embeddable":true,"href":"https:\/\/duhovyrok.sk\/tepla-vlna\/wp-json\/wp\/v2\/categories?post=1316"},{"taxonomy":"post_tag","embeddable":true,"href":"https:\/\/duhovyrok.sk\/tepla-vlna\/wp-json\/wp\/v2\/tags?post=1316"}],"curies":[{"name":"wp","href":"https:\/\/api.w.org\/{rel}","templated":true}]}}