{"id":1303,"date":"2020-09-16T16:40:03","date_gmt":"2020-09-16T14:40:03","guid":{"rendered":"https:\/\/duhovyrok.sk\/?p=1303"},"modified":"2021-03-23T14:12:07","modified_gmt":"2021-03-23T13:12:07","slug":"silvia-porubanova-o-rozmanitosti-rodin-na-slovensku-medzi-ktore-radi-aj-duhove-rodiny","status":"publish","type":"post","link":"https:\/\/duhovyrok.sk\/tepla-vlna\/2020\/09\/16\/silvia-porubanova-o-rozmanitosti-rodin-na-slovensku-medzi-ktore-radi-aj-duhove-rodiny\/","title":{"rendered":"Silvia Porub\u00e4nov\u00e1 o rozmanitosti rod\u00edn na Slovensku, medzi ktor\u00e9 rad\u00ed aj d\u00fahov\u00e9 rodiny"},"content":{"rendered":"\n<p>So sociologi\u010dkou Silviou Porub\u00e4novou sme sa v Teplej vlne rozpr\u00e1vali o rodine ako o najvy\u0161\u0161ej hodnote pre \u013eud\u00ed, ktor\u00e9 je spojen\u00e1 s pocitom l\u00e1sky, bezpe\u010dnosti a bl\u00edzkosti. Pozreli sme sa na to, ak\u00e9 formy rod\u00edn v s\u00fa\u010dasnosti existuj\u00fa a \u010di sa d\u00e1 e\u0161te hovori\u0165 o \u00faplne tradi\u010dnej rodine. Pop\u00edsali sme argumenty, pre\u010do aj d\u00fahov\u00e9 rodiny tvoria rodinu a nie s\u00fa ohrozen\u00edm pre zvy\u0161ok spolo\u010dnosti.Rozobrali sme ak\u00fdm probl\u00e9mom d\u00fahov\u00e9 rodiny na Slovensku \u010delia a \u010do by pomohlo obr\u00fasi\u0165 hrany predsudkov vo vz\u0165ahu k nim.<\/p>\n\n\n\n<p>Tepl\u00fa vlnu si m\u00f4\u017eete pozrie\u0165 na linku ni\u017e\u0161ie alebo vypo\u010du\u0165 na <a href=\"https:\/\/open.spotify.com\/episode\/6TGmdAIXeDmFDKV5OeG6ig?si=SigoxN6xRhGaZC3aESjjZw\">Spotify<\/a>, <a href=\"https:\/\/podcasts.apple.com\/sk\/podcast\/silvia-porub%C3%A4nov%C3%A1-o-rozmanitosti-rod%C3%ADn-na-slovensku\/id1507703606?i=1000491701850&amp;l=sk\">Apple Podcasts<\/a> a <a href=\"https:\/\/www.podbean.com\/ew\/pb-8csuy-ebf382\">Podbean<\/a>.<\/p>\n\n\n\n<figure class=\"wp-block-embed-youtube wp-block-embed is-type-video is-provider-youtube wp-embed-aspect-16-9 wp-has-aspect-ratio\"><div class=\"wp-block-embed__wrapper\">\n<iframe loading=\"lazy\" title=\"Silvia Porub\u00e4nov\u00e1 o rozmanitosti rod\u00edn na Slovensku, medzi ktor\u00e9 rad\u00ed aj d\u00fahov\u00e9 rodiny\" width=\"1778\" height=\"1000\" src=\"https:\/\/www.youtube.com\/embed\/nH8gcYfQJv0?start=829&#038;feature=oembed\" frameborder=\"0\" allow=\"accelerometer; autoplay; clipboard-write; encrypted-media; gyroscope; picture-in-picture\" allowfullscreen><\/iframe>\n<\/div><\/figure>\n","protected":false},"excerpt":{"rendered":"<p>So sociologi\u010dkou Silviou Porub\u00e4novou sme sa v Teplej vlne rozpr\u00e1vali o rodine ako o najvy\u0161\u0161ej hodnote pre \u013eud\u00ed, ktor\u00e9 je spojen\u00e1 s pocitom l\u00e1sky, bezpe\u010dnosti a bl\u00edzkosti. Pozreli sme sa <a href=\"https:\/\/duhovyrok.sk\/tepla-vlna\/2020\/09\/16\/silvia-porubanova-o-rozmanitosti-rodin-na-slovensku-medzi-ktore-radi-aj-duhove-rodiny\/\" class=\"more-link\">&#8230;<\/a><\/p>\n","protected":false},"author":9,"featured_media":1310,"comment_status":"closed","ping_status":"open","sticky":false,"template":"","format":"standard","meta":{"footnotes":""},"categories":[3,2],"tags":[4,39,5],"class_list":["post-1303","post","type-post","status-publish","format-standard","has-post-thumbnail","hentry","category-novinky","category-tepla-vlna","tag-podcast","tag-sylvia-porubanova","tag-tepla-vlna"],"_links":{"self":[{"href":"https:\/\/duhovyrok.sk\/tepla-vlna\/wp-json\/wp\/v2\/posts\/1303","targetHints":{"allow":["GET"]}}],"collection":[{"href":"https:\/\/duhovyrok.sk\/tepla-vlna\/wp-json\/wp\/v2\/posts"}],"about":[{"href":"https:\/\/duhovyrok.sk\/tepla-vlna\/wp-json\/wp\/v2\/types\/post"}],"author":[{"embeddable":true,"href":"https:\/\/duhovyrok.sk\/tepla-vlna\/wp-json\/wp\/v2\/users\/9"}],"replies":[{"embeddable":true,"href":"https:\/\/duhovyrok.sk\/tepla-vlna\/wp-json\/wp\/v2\/comments?post=1303"}],"version-history":[{"count":1,"href":"https:\/\/duhovyrok.sk\/tepla-vlna\/wp-json\/wp\/v2\/posts\/1303\/revisions"}],"predecessor-version":[{"id":1555,"href":"https:\/\/duhovyrok.sk\/tepla-vlna\/wp-json\/wp\/v2\/posts\/1303\/revisions\/1555"}],"wp:featuredmedia":[{"embeddable":true,"href":"https:\/\/duhovyrok.sk\/tepla-vlna\/wp-json\/wp\/v2\/media\/1310"}],"wp:attachment":[{"href":"https:\/\/duhovyrok.sk\/tepla-vlna\/wp-json\/wp\/v2\/media?parent=1303"}],"wp:term":[{"taxonomy":"category","embeddable":true,"href":"https:\/\/duhovyrok.sk\/tepla-vlna\/wp-json\/wp\/v2\/categories?post=1303"},{"taxonomy":"post_tag","embeddable":true,"href":"https:\/\/duhovyrok.sk\/tepla-vlna\/wp-json\/wp\/v2\/tags?post=1303"}],"curies":[{"name":"wp","href":"https:\/\/api.w.org\/{rel}","templated":true}]}}