{"id":1300,"date":"2020-09-13T19:23:37","date_gmt":"2020-09-13T17:23:37","guid":{"rendered":"https:\/\/duhovyrok.sk\/?p=1300"},"modified":"2021-03-23T14:12:07","modified_gmt":"2021-03-23T13:12:07","slug":"do-teplej-vlny-sme-pozvali-sociologicku-sylviu-porubanovu","status":"publish","type":"post","link":"https:\/\/duhovyrok.sk\/tepla-vlna\/2020\/09\/13\/do-teplej-vlny-sme-pozvali-sociologicku-sylviu-porubanovu\/","title":{"rendered":"Do Teplej vlny sme pozvali\u00a0sociologi\u010dku Sylviu\u00a0Porub\u00e4nov\u00fa"},"content":{"rendered":"\n<p>\u010eal\u0161ou hostkou v Teplej vlne bude\u00a0sociologi\u010dka Sylvia\u00a0Porub\u00e4nov\u00e1. V\u00fdskumne a publika\u010dne sa venuje problematike rovnak\u00fdch pr\u00edle\u017eitost\u00ed mu\u017eov a\u00a0\u017eien a \u013eudskopr\u00e1vnym aspektom antidiskrimin\u00e1cie. V\u00fdznamn\u00fdm sp\u00f4sobom sa anga\u017euje aj v\u00a0iniciat\u00edvach zameran\u00fdch na zv\u00fd\u0161enie spolo\u010denskej a\u00a0politickej particip\u00e1cie \u017eien a\u00a0marginalizovan\u00fdch skup\u00edn obyvate\u013estva. Je v\u00fdskumnou pracovn\u00ed\u010dkou na In\u0161tit\u00fate pre v\u00fdskum pr\u00e1ce a rodiny, doned\u00e1vna bola jeho riadite\u013ekou.\u00a0<\/p>\n","protected":false},"excerpt":{"rendered":"<p>\u010eal\u0161ou hostkou v Teplej vlne bude\u00a0sociologi\u010dka Sylvia\u00a0Porub\u00e4nov\u00e1. V\u00fdskumne a publika\u010dne sa venuje problematike rovnak\u00fdch pr\u00edle\u017eitost\u00ed mu\u017eov a\u00a0\u017eien a \u013eudskopr\u00e1vnym aspektom antidiskrimin\u00e1cie. V\u00fdznamn\u00fdm sp\u00f4sobom sa anga\u017euje aj v\u00a0iniciat\u00edvach zameran\u00fdch na zv\u00fd\u0161enie <a href=\"https:\/\/duhovyrok.sk\/tepla-vlna\/2020\/09\/13\/do-teplej-vlny-sme-pozvali-sociologicku-sylviu-porubanovu\/\" class=\"more-link\">&#8230;<\/a><\/p>\n","protected":false},"author":9,"featured_media":1301,"comment_status":"closed","ping_status":"open","sticky":false,"template":"","format":"standard","meta":{"footnotes":""},"categories":[3,2],"tags":[4,39,5],"class_list":["post-1300","post","type-post","status-publish","format-standard","has-post-thumbnail","hentry","category-novinky","category-tepla-vlna","tag-podcast","tag-sylvia-porubanova","tag-tepla-vlna"],"_links":{"self":[{"href":"https:\/\/duhovyrok.sk\/tepla-vlna\/wp-json\/wp\/v2\/posts\/1300","targetHints":{"allow":["GET"]}}],"collection":[{"href":"https:\/\/duhovyrok.sk\/tepla-vlna\/wp-json\/wp\/v2\/posts"}],"about":[{"href":"https:\/\/duhovyrok.sk\/tepla-vlna\/wp-json\/wp\/v2\/types\/post"}],"author":[{"embeddable":true,"href":"https:\/\/duhovyrok.sk\/tepla-vlna\/wp-json\/wp\/v2\/users\/9"}],"replies":[{"embeddable":true,"href":"https:\/\/duhovyrok.sk\/tepla-vlna\/wp-json\/wp\/v2\/comments?post=1300"}],"version-history":[{"count":1,"href":"https:\/\/duhovyrok.sk\/tepla-vlna\/wp-json\/wp\/v2\/posts\/1300\/revisions"}],"predecessor-version":[{"id":1556,"href":"https:\/\/duhovyrok.sk\/tepla-vlna\/wp-json\/wp\/v2\/posts\/1300\/revisions\/1556"}],"wp:featuredmedia":[{"embeddable":true,"href":"https:\/\/duhovyrok.sk\/tepla-vlna\/wp-json\/wp\/v2\/media\/1301"}],"wp:attachment":[{"href":"https:\/\/duhovyrok.sk\/tepla-vlna\/wp-json\/wp\/v2\/media?parent=1300"}],"wp:term":[{"taxonomy":"category","embeddable":true,"href":"https:\/\/duhovyrok.sk\/tepla-vlna\/wp-json\/wp\/v2\/categories?post=1300"},{"taxonomy":"post_tag","embeddable":true,"href":"https:\/\/duhovyrok.sk\/tepla-vlna\/wp-json\/wp\/v2\/tags?post=1300"}],"curies":[{"name":"wp","href":"https:\/\/api.w.org\/{rel}","templated":true}]}}