{"id":1293,"date":"2020-09-03T18:51:06","date_gmt":"2020-09-03T16:51:06","guid":{"rendered":"https:\/\/duhovyrok.sk\/?p=1293"},"modified":"2021-03-23T14:12:07","modified_gmt":"2021-03-23T13:12:07","slug":"comingout-spravila-pred-40tkou-matka-3-deti-a-lgbti-aktivistka-monika-grochova","status":"publish","type":"post","link":"https:\/\/duhovyrok.sk\/tepla-vlna\/2020\/09\/03\/comingout-spravila-pred-40tkou-matka-3-deti-a-lgbti-aktivistka-monika-grochova\/","title":{"rendered":"Comingout spravila pred 40tkou &#8211; matka 3 det\u00ed a LGBTI aktivistka Monika Grochov\u00e1"},"content":{"rendered":"\n<p>V Teplej vlne sme sa rozpr\u00e1vali o h\u013eadan\u00ed vlastnej identity. Feministika a LGBTI aktivistka Monika Grochov\u00e1 \u00faprimne hovorila, \u010do c\u00edtila, ke\u010f si ako vydat\u00e1 matka troch det\u00ed za\u010dala uvedomova\u0165 n\u00e1klonnos\u0165 k \u017een\u00e1m. Pribl\u00ed\u017eila, ako na to reagovalo jej okolie a v \u010dom to ovplyvnilo vz\u0165ah s de\u0165mi. T\u00e9mou bolo aj to, ako fungovala v minulosti tepl\u00e1 komunita v Ko\u0161iciach. A boli sme zvedav\u00ed aj na jej poh\u013ead na s\u00fa\u010dasn\u00e9 postavenie LGBTI \u013eud\u00ed na Slovensku. \ud83c\udf08<\/p>\n\n\n\n<p>Nov\u00fd diel si m\u00f4\u017eete pozrie\u0165 ni\u017e\u0161ie na Youtube alebo vypo\u010du\u0165 na <a rel=\"noreferrer noopener\" href=\"https:\/\/open.spotify.com\/episode\/6ywRrfWx6P52ui6ys72Wyz?si=YOLTZIqgSZeEYaJ6NvnuxA&amp;fbclid=IwAR0P9CYMOpcmMWr7NviQ_7fddI3oSIv4l3NkU2OqtMLdNDFHE9ZcCUZphTg\" target=\"_blank\"><strong>Spotify<\/strong><\/a>, <a href=\"https:\/\/www.podbean.com\/media\/share\/pb-4g2a3-e9c18a?utm_campaign=u_share_ep&amp;utm_medium=dlink&amp;utm_source=u_share\" target=\"_blank\" rel=\"noreferrer noopener\"><strong>PodBean<\/strong><\/a>,<strong> <a rel=\"noreferrer noopener\" href=\"https:\/\/podcasts.apple.com\/sk\/podcast\/tepl%C3%A1-vlna\/id1507703606?l=sk&amp;fbclid=IwAR2XUe2vKYUN4-AlWKb-2MV-X7sDYU94PxvbWylaxTtnDTKYKUuoYKPKGs0#episodeGuid=teplavlna.podbean.com%2F1944fc38-9e6a-3802-9387-73c6bf050ac8\" target=\"_blank\">Apple <\/a><\/strong><a rel=\"noreferrer noopener\" href=\"https:\/\/podcasts.apple.com\/sk\/podcast\/tepl%C3%A1-vlna\/id1507703606?l=sk&amp;fbclid=IwAR2XUe2vKYUN4-AlWKb-2MV-X7sDYU94PxvbWylaxTtnDTKYKUuoYKPKGs0#episodeGuid=teplavlna.podbean.com%2F1944fc38-9e6a-3802-9387-73c6bf050ac8\" target=\"_blank\"><strong>Podcasts<\/strong><\/a>.<\/p>\n\n\n\n<figure class=\"wp-block-embed-youtube wp-block-embed is-type-video is-provider-youtube wp-embed-aspect-16-9 wp-has-aspect-ratio\"><div class=\"wp-block-embed__wrapper\">\n<iframe loading=\"lazy\" title=\"Tepl\u00e1 vlna: Comingout spravila pred 40tkou - matka 3 det\u00ed a LGBTI aktivistka Monika Grochov\u00e1\" width=\"1778\" height=\"1000\" src=\"https:\/\/www.youtube.com\/embed\/SWHraOZlBJU?feature=oembed\" frameborder=\"0\" allow=\"accelerometer; autoplay; clipboard-write; encrypted-media; gyroscope; picture-in-picture\" allowfullscreen><\/iframe>\n<\/div><\/figure>\n\n\n\n<p><\/p>\n","protected":false},"excerpt":{"rendered":"<p>V Teplej vlne sme sa rozpr\u00e1vali o h\u013eadan\u00ed vlastnej identity. Feministika a LGBTI aktivistka Monika Grochov\u00e1 \u00faprimne hovorila, \u010do c\u00edtila, ke\u010f si ako vydat\u00e1 matka troch det\u00ed za\u010dala uvedomova\u0165 n\u00e1klonnos\u0165 <a href=\"https:\/\/duhovyrok.sk\/tepla-vlna\/2020\/09\/03\/comingout-spravila-pred-40tkou-matka-3-deti-a-lgbti-aktivistka-monika-grochova\/\" class=\"more-link\">&#8230;<\/a><\/p>\n","protected":false},"author":9,"featured_media":1291,"comment_status":"closed","ping_status":"open","sticky":false,"template":"","format":"video","meta":{"footnotes":""},"categories":[3,2],"tags":[38,25,36,37,4,5],"class_list":["post-1293","post","type-post","status-publish","format-video","has-post-thumbnail","hentry","category-novinky","category-tepla-vlna","tag-aktivistka","tag-duhovy-pride-bratislava","tag-lgbti-aktivistka","tag-monika-grochova","tag-podcast","tag-tepla-vlna","post_format-post-format-video"],"_links":{"self":[{"href":"https:\/\/duhovyrok.sk\/tepla-vlna\/wp-json\/wp\/v2\/posts\/1293","targetHints":{"allow":["GET"]}}],"collection":[{"href":"https:\/\/duhovyrok.sk\/tepla-vlna\/wp-json\/wp\/v2\/posts"}],"about":[{"href":"https:\/\/duhovyrok.sk\/tepla-vlna\/wp-json\/wp\/v2\/types\/post"}],"author":[{"embeddable":true,"href":"https:\/\/duhovyrok.sk\/tepla-vlna\/wp-json\/wp\/v2\/users\/9"}],"replies":[{"embeddable":true,"href":"https:\/\/duhovyrok.sk\/tepla-vlna\/wp-json\/wp\/v2\/comments?post=1293"}],"version-history":[{"count":1,"href":"https:\/\/duhovyrok.sk\/tepla-vlna\/wp-json\/wp\/v2\/posts\/1293\/revisions"}],"predecessor-version":[{"id":1557,"href":"https:\/\/duhovyrok.sk\/tepla-vlna\/wp-json\/wp\/v2\/posts\/1293\/revisions\/1557"}],"wp:featuredmedia":[{"embeddable":true,"href":"https:\/\/duhovyrok.sk\/tepla-vlna\/wp-json\/wp\/v2\/media\/1291"}],"wp:attachment":[{"href":"https:\/\/duhovyrok.sk\/tepla-vlna\/wp-json\/wp\/v2\/media?parent=1293"}],"wp:term":[{"taxonomy":"category","embeddable":true,"href":"https:\/\/duhovyrok.sk\/tepla-vlna\/wp-json\/wp\/v2\/categories?post=1293"},{"taxonomy":"post_tag","embeddable":true,"href":"https:\/\/duhovyrok.sk\/tepla-vlna\/wp-json\/wp\/v2\/tags?post=1293"}],"curies":[{"name":"wp","href":"https:\/\/api.w.org\/{rel}","templated":true}]}}