{"id":1286,"date":"2020-09-02T18:11:00","date_gmt":"2020-09-02T16:11:00","guid":{"rendered":"https:\/\/duhovyrok.sk\/?p=1286"},"modified":"2021-03-23T14:12:08","modified_gmt":"2021-03-23T13:12:08","slug":"dalsou-hostkou-v-teplej-vlne-bude-monika-grochova","status":"publish","type":"post","link":"https:\/\/duhovyrok.sk\/tepla-vlna\/2020\/09\/02\/dalsou-hostkou-v-teplej-vlne-bude-monika-grochova\/","title":{"rendered":"\u010eal\u0161ou hostkou v Teplej vlne bude Monika Grochov\u00e1\u00a0"},"content":{"rendered":"\n<p>Monika Grochov\u00e1 je \u010dlenkou t\u00edmu D\u00fahov\u00e9ho PRIDE Bratislava. Pracuje tie\u017e ako analyti\u010dka pre&nbsp;systematiz\u00e1ciu vzdel\u00e1vania v&nbsp;Koordina\u010dno-metodickom centre&nbsp;pre rodovo podmienen\u00e9 a&nbsp;dom\u00e1ce n\u00e1silie. V t\u00e9me n\u00e1silia m\u00e1 dlhoro\u010dn\u00fa prax.&nbsp;<\/p>\n\n\n\n<p>Okrem toho sa pracovne venovala vzdel\u00e1vaniu a lektorovaniu, komunik\u00e1cii smerom ku klientom, kou\u010dingu a&nbsp;rie\u0161eniu eticky sporn\u00fdch situ\u00e1cii na pracovisku. Zauj\u00edma sa o \u013eud\u00ed, jedlo a&nbsp;knihy a je matkou 3 det\u00ed. Poch\u00e1dza z Ko\u0161\u00edc, aktu\u00e1lne \u017eije&nbsp;v&nbsp;Bratislave s&nbsp;priate\u013ekou a&nbsp;dvoma koc\u00farmi.<\/p>\n","protected":false},"excerpt":{"rendered":"<p>Monika Grochov\u00e1 je \u010dlenkou t\u00edmu D\u00fahov\u00e9ho PRIDE Bratislava. Pracuje tie\u017e ako analyti\u010dka pre&nbsp;systematiz\u00e1ciu vzdel\u00e1vania v&nbsp;Koordina\u010dno-metodickom centre&nbsp;pre rodovo podmienen\u00e9 a&nbsp;dom\u00e1ce n\u00e1silie. V t\u00e9me n\u00e1silia m\u00e1 dlhoro\u010dn\u00fa prax.&nbsp; Okrem toho sa pracovne <a href=\"https:\/\/duhovyrok.sk\/tepla-vlna\/2020\/09\/02\/dalsou-hostkou-v-teplej-vlne-bude-monika-grochova\/\" class=\"more-link\">&#8230;<\/a><\/p>\n","protected":false},"author":9,"featured_media":1287,"comment_status":"closed","ping_status":"open","sticky":false,"template":"","format":"standard","meta":{"footnotes":""},"categories":[3,2],"tags":[25,35,36,37,4,5],"class_list":["post-1286","post","type-post","status-publish","format-standard","has-post-thumbnail","hentry","category-novinky","category-tepla-vlna","tag-duhovy-pride-bratislava","tag-feministka","tag-lgbti-aktivistka","tag-monika-grochova","tag-podcast","tag-tepla-vlna"],"_links":{"self":[{"href":"https:\/\/duhovyrok.sk\/tepla-vlna\/wp-json\/wp\/v2\/posts\/1286","targetHints":{"allow":["GET"]}}],"collection":[{"href":"https:\/\/duhovyrok.sk\/tepla-vlna\/wp-json\/wp\/v2\/posts"}],"about":[{"href":"https:\/\/duhovyrok.sk\/tepla-vlna\/wp-json\/wp\/v2\/types\/post"}],"author":[{"embeddable":true,"href":"https:\/\/duhovyrok.sk\/tepla-vlna\/wp-json\/wp\/v2\/users\/9"}],"replies":[{"embeddable":true,"href":"https:\/\/duhovyrok.sk\/tepla-vlna\/wp-json\/wp\/v2\/comments?post=1286"}],"version-history":[{"count":1,"href":"https:\/\/duhovyrok.sk\/tepla-vlna\/wp-json\/wp\/v2\/posts\/1286\/revisions"}],"predecessor-version":[{"id":1558,"href":"https:\/\/duhovyrok.sk\/tepla-vlna\/wp-json\/wp\/v2\/posts\/1286\/revisions\/1558"}],"wp:featuredmedia":[{"embeddable":true,"href":"https:\/\/duhovyrok.sk\/tepla-vlna\/wp-json\/wp\/v2\/media\/1287"}],"wp:attachment":[{"href":"https:\/\/duhovyrok.sk\/tepla-vlna\/wp-json\/wp\/v2\/media?parent=1286"}],"wp:term":[{"taxonomy":"category","embeddable":true,"href":"https:\/\/duhovyrok.sk\/tepla-vlna\/wp-json\/wp\/v2\/categories?post=1286"},{"taxonomy":"post_tag","embeddable":true,"href":"https:\/\/duhovyrok.sk\/tepla-vlna\/wp-json\/wp\/v2\/tags?post=1286"}],"curies":[{"name":"wp","href":"https:\/\/api.w.org\/{rel}","templated":true}]}}