{"id":1263,"date":"2020-07-29T20:04:05","date_gmt":"2020-07-29T18:04:05","guid":{"rendered":"https:\/\/duhovyrok.sk\/?p=1263"},"modified":"2020-07-29T20:04:05","modified_gmt":"2020-07-29T18:04:05","slug":"psychologicka-jana-fuskova-zo-sav-o-duhovych-rodinach","status":"publish","type":"post","link":"https:\/\/duhovyrok.sk\/tepla-vlna\/2020\/07\/29\/psychologicka-jana-fuskova-zo-sav-o-duhovych-rodinach\/","title":{"rendered":"Psychologi\u010dka Jana F\u00faskov\u00e1 zo SAV o d\u00fahov\u00fdch rodin\u00e1ch"},"content":{"rendered":"\n<p>Prin\u00e1\u0161ame v\u00e1m nov\u00fd diel Teplej vlny. Hos\u0165om bola Jana F\u00faskov\u00e1 z \u00dastavu v\u00fdskumu soci\u00e1lnej komunik\u00e1cie SAV, ktor\u00e1 rozpr\u00e1vala o tom, ako s\u00fa r\u00f4zne formy rodi\u010dovstva vn\u00edman\u00e9 verejnos\u0165ou. V\u00fdskum SAV odhalil, \u017ee rodiny s\u00fa ove\u013ea pestrej\u0161ie a zameral sa aj na rodiny, kde deti vychov\u00e1vaj\u00fa p\u00e1ry rovnak\u00e9ho pohlavia.\u00a0\ud83c\udf08<br>Tepl\u00fa vlnu si m\u00f4\u017eete pozrie\u0165 na linku ni\u017e\u0161ie alebo vypo\u010du\u0165 na <span style=\"text-decoration: underline\"><a href=\"https:\/\/open.spotify.com\/episode\/3hfx4AsfPQj4I5HqkqnZKH?si=O4GnVYyzSYCBgGNVCO7iNQ&amp;fbclid=IwAR2-ApZxNwxxYT7ihbAmpJGm5ANSTaRDSyI-SJte-p3p3-cvDvCbAWtY0OE\" target=\"_blank\" rel=\"noreferrer noopener\">Spotify<\/a><\/span>, <span style=\"text-decoration: underline\"><a href=\"https:\/\/podcasts.apple.com\/sk\/podcast\/tepl%C3%A1-vlna\/id1507703606?l=sk&amp;fbclid=IwAR31YwKc0hVWWP-aa9jb7NOXJ6GecbU4bqr_nu-E0Xm0Fpz1LkkkkPHDM1Y#episodeGuid=teplavlna.podbean.com%2F853319bc-a0e0-33d9-ba5c-7d512f6820ce\" target=\"_blank\" rel=\"noreferrer noopener\">Apple Podcasts<\/a><\/span> a <span style=\"text-decoration: underline\"><a href=\"https:\/\/teplavlna.podbean.com\/e\/psychologicka-jana-fuskova-zo-sav-o-duhovych-rodinach\/?fbclid=IwAR2hU0Wiiw3rEiUExZISMvAkOQ5vU_plxxQY7s0d3Km8QhTyss9aH4CoCPs\" target=\"_blank\" rel=\"noreferrer noopener\">Podbean<\/a><\/span>. <\/p>\n\n\n\n<figure class=\"wp-block-embed-youtube wp-block-embed is-type-video is-provider-youtube wp-embed-aspect-16-9 wp-has-aspect-ratio\"><div class=\"wp-block-embed__wrapper\">\n<iframe loading=\"lazy\" title=\"Tepl\u00e1 vlna: Psychologi\u010dka Jana F\u00faskov\u00e1 zo SAV o d\u00fahov\u00fdch rodin\u00e1ch\" width=\"1778\" height=\"1000\" src=\"https:\/\/www.youtube.com\/embed\/Y3A3eSW7KFE?feature=oembed\" frameborder=\"0\" allow=\"accelerometer; autoplay; clipboard-write; encrypted-media; gyroscope; picture-in-picture\" allowfullscreen><\/iframe>\n<\/div><\/figure>\n","protected":false},"excerpt":{"rendered":"<p>Prin\u00e1\u0161ame v\u00e1m nov\u00fd diel Teplej vlny. Hos\u0165om bola Jana F\u00faskov\u00e1 z \u00dastavu v\u00fdskumu soci\u00e1lnej komunik\u00e1cie SAV, ktor\u00e1 rozpr\u00e1vala o tom, ako s\u00fa r\u00f4zne formy rodi\u010dovstva vn\u00edman\u00e9 verejnos\u0165ou. V\u00fdskum SAV odhalil, <a href=\"https:\/\/duhovyrok.sk\/tepla-vlna\/2020\/07\/29\/psychologicka-jana-fuskova-zo-sav-o-duhovych-rodinach\/\" class=\"more-link\">&#8230;<\/a><\/p>\n","protected":false},"author":12,"featured_media":1264,"comment_status":"closed","ping_status":"open","sticky":false,"template":"","format":"video","meta":{"footnotes":""},"categories":[3,2],"tags":[30,31,33,5,34],"class_list":["post-1263","post","type-post","status-publish","format-video","has-post-thumbnail","hentry","category-novinky","category-tepla-vlna","tag-duhove-rodiny","tag-jana-fuskova","tag-sav","tag-tepla-vlna","tag-vyskum","post_format-post-format-video"],"_links":{"self":[{"href":"https:\/\/duhovyrok.sk\/tepla-vlna\/wp-json\/wp\/v2\/posts\/1263","targetHints":{"allow":["GET"]}}],"collection":[{"href":"https:\/\/duhovyrok.sk\/tepla-vlna\/wp-json\/wp\/v2\/posts"}],"about":[{"href":"https:\/\/duhovyrok.sk\/tepla-vlna\/wp-json\/wp\/v2\/types\/post"}],"author":[{"embeddable":true,"href":"https:\/\/duhovyrok.sk\/tepla-vlna\/wp-json\/wp\/v2\/users\/12"}],"replies":[{"embeddable":true,"href":"https:\/\/duhovyrok.sk\/tepla-vlna\/wp-json\/wp\/v2\/comments?post=1263"}],"version-history":[{"count":0,"href":"https:\/\/duhovyrok.sk\/tepla-vlna\/wp-json\/wp\/v2\/posts\/1263\/revisions"}],"wp:featuredmedia":[{"embeddable":true,"href":"https:\/\/duhovyrok.sk\/tepla-vlna\/wp-json\/wp\/v2\/media\/1264"}],"wp:attachment":[{"href":"https:\/\/duhovyrok.sk\/tepla-vlna\/wp-json\/wp\/v2\/media?parent=1263"}],"wp:term":[{"taxonomy":"category","embeddable":true,"href":"https:\/\/duhovyrok.sk\/tepla-vlna\/wp-json\/wp\/v2\/categories?post=1263"},{"taxonomy":"post_tag","embeddable":true,"href":"https:\/\/duhovyrok.sk\/tepla-vlna\/wp-json\/wp\/v2\/tags?post=1263"}],"curies":[{"name":"wp","href":"https:\/\/api.w.org\/{rel}","templated":true}]}}