{"id":1260,"date":"2020-07-28T23:44:48","date_gmt":"2020-07-28T21:44:48","guid":{"rendered":"https:\/\/duhovyrok.sk\/?p=1260"},"modified":"2020-07-28T23:44:48","modified_gmt":"2020-07-28T21:44:48","slug":"v-teplej-vlne-psychologicka-jana-fuskova-zo-sav","status":"publish","type":"post","link":"https:\/\/duhovyrok.sk\/tepla-vlna\/2020\/07\/28\/v-teplej-vlne-psychologicka-jana-fuskova-zo-sav\/","title":{"rendered":"V Teplej vlne psychologi\u010dka Jana F\u00faskov\u00e1 zo SAV"},"content":{"rendered":"\n<p>Psychologi\u010dka Jana F\u00faskov\u00e1 zo SAV bude v Teplej vlne hovori\u0165 o d\u00fahov\u00fdch rodin\u00e1ch.\u00a0\ud83c\udf08<br>Medzi jej hlavn\u00e9 v\u00fdskumn\u00e9 z\u00e1ujmy patr\u00ed identita men\u0161\u00edn a kon\u0161trukcia soci\u00e1lnych a politick\u00fdch bari\u00e9r dot\u00fdkaj\u00facich sa sexu\u00e1lnych men\u0161\u00edn. Zaober\u00e1 sa v\u00fdskumom kon\u0161trukcie sexual\u00edt a rodinami a rodi\u010dovstvom z poh\u013eadu kvality \u017eivota v r\u00f4znych \u201etradi\u010dn\u00fdch\u201c (man\u017eelsk\u00fdch) a \u201ealternat\u00edvnych\u201c (neman\u017eelsk\u00fdch, neheterosexu\u00e1lnych) typoch rod\u00edn. Absolvovala \u0161t\u00fadium klinickej psychol\u00f3gie na Fakulte soci\u00e1lnych vied a zdravotn\u00edctva UKF a doktorandsk\u00e9 \u0161t\u00fadium \u0161kolskej pedagogiky na \u00dastave v\u00fdskumu soci\u00e1lnej komunik\u00e1cie SAV a Pedagogickej fakulte TU. V oboch t\u00fdchto organiz\u00e1ci\u00e1ch p\u00f4sob\u00ed aj v s\u00fa\u010dasnosti.<\/p>\n","protected":false},"excerpt":{"rendered":"<p>Psychologi\u010dka Jana F\u00faskov\u00e1 zo SAV bude v Teplej vlne hovori\u0165 o d\u00fahov\u00fdch rodin\u00e1ch.\u00a0\ud83c\udf08Medzi jej hlavn\u00e9 v\u00fdskumn\u00e9 z\u00e1ujmy patr\u00ed identita men\u0161\u00edn a kon\u0161trukcia soci\u00e1lnych a politick\u00fdch bari\u00e9r dot\u00fdkaj\u00facich sa sexu\u00e1lnych men\u0161\u00edn. <a href=\"https:\/\/duhovyrok.sk\/tepla-vlna\/2020\/07\/28\/v-teplej-vlne-psychologicka-jana-fuskova-zo-sav\/\" class=\"more-link\">&#8230;<\/a><\/p>\n","protected":false},"author":12,"featured_media":1261,"comment_status":"closed","ping_status":"open","sticky":false,"template":"","format":"standard","meta":{"footnotes":""},"categories":[3,2],"tags":[30,31,4,32,5],"class_list":["post-1260","post","type-post","status-publish","format-standard","has-post-thumbnail","hentry","category-novinky","category-tepla-vlna","tag-duhove-rodiny","tag-jana-fuskova","tag-podcast","tag-psychologicka","tag-tepla-vlna"],"_links":{"self":[{"href":"https:\/\/duhovyrok.sk\/tepla-vlna\/wp-json\/wp\/v2\/posts\/1260","targetHints":{"allow":["GET"]}}],"collection":[{"href":"https:\/\/duhovyrok.sk\/tepla-vlna\/wp-json\/wp\/v2\/posts"}],"about":[{"href":"https:\/\/duhovyrok.sk\/tepla-vlna\/wp-json\/wp\/v2\/types\/post"}],"author":[{"embeddable":true,"href":"https:\/\/duhovyrok.sk\/tepla-vlna\/wp-json\/wp\/v2\/users\/12"}],"replies":[{"embeddable":true,"href":"https:\/\/duhovyrok.sk\/tepla-vlna\/wp-json\/wp\/v2\/comments?post=1260"}],"version-history":[{"count":0,"href":"https:\/\/duhovyrok.sk\/tepla-vlna\/wp-json\/wp\/v2\/posts\/1260\/revisions"}],"wp:featuredmedia":[{"embeddable":true,"href":"https:\/\/duhovyrok.sk\/tepla-vlna\/wp-json\/wp\/v2\/media\/1261"}],"wp:attachment":[{"href":"https:\/\/duhovyrok.sk\/tepla-vlna\/wp-json\/wp\/v2\/media?parent=1260"}],"wp:term":[{"taxonomy":"category","embeddable":true,"href":"https:\/\/duhovyrok.sk\/tepla-vlna\/wp-json\/wp\/v2\/categories?post=1260"},{"taxonomy":"post_tag","embeddable":true,"href":"https:\/\/duhovyrok.sk\/tepla-vlna\/wp-json\/wp\/v2\/tags?post=1260"}],"curies":[{"name":"wp","href":"https:\/\/api.w.org\/{rel}","templated":true}]}}