{"id":1255,"date":"2020-07-21T15:20:24","date_gmt":"2020-07-21T13:20:24","guid":{"rendered":"https:\/\/duhovyrok.sk\/?p=1255"},"modified":"2020-07-21T15:20:24","modified_gmt":"2020-07-21T13:20:24","slug":"slaytiiina-kto-sa-v-skutocnosti-za-nou-skryva","status":"publish","type":"post","link":"https:\/\/duhovyrok.sk\/tepla-vlna\/2020\/07\/21\/slaytiiina-kto-sa-v-skutocnosti-za-nou-skryva\/","title":{"rendered":"Slaytiiina &#8211; kto sa v skuto\u010dnosti za \u0148ou skr\u00fdva"},"content":{"rendered":"\n<p>V Teplej vlne sme vyspovedali Adama, zn\u00e1meho ako drag queen Slaytiiina. Zauj\u00edmalo n\u00e1s, ak\u00fd je, ke\u010f odlo\u017e\u00ed makeup a paroch\u0148u. Prezradil aj viac o svojej rodine a o tom, ako kamar\u00e1ti zvl\u00e1daj\u00fa jeho v\u00fdstrelky. Rozpr\u00e1vali sme sa tie\u017e o tom, kde s\u00fa jeho hranice a pre\u010do r\u00e1d provokuje.<\/p>\n\n\n\n<p>Nov\u00fd diel si m\u00f4\u017eete pozrie\u0165 ni\u017e\u0161ie na Youtube alebo vypo\u010du\u0165 na <span style=\"text-decoration: underline\"><a rel=\"noreferrer noopener\" href=\"https:\/\/open.spotify.com\/episode\/07xVIKUzwr9GqT9hP8Gus5?si=vbStreP-Q5ehZM0mn-CUzw&amp;fbclid=IwAR3OuM3iSkXy5r2ep7uvV4RBD4h51lSGwGTGYBUJlAiK68QUYxq4eYPxlrA\" target=\"_blank\">Spotify<\/a><\/span>, <span style=\"text-decoration: underline\"><a rel=\"noreferrer noopener\" href=\"https:\/\/www.podbean.com\/media\/share\/pb-huxhg-e3f050?utm_campaign=w_share_ep&amp;utm_medium=dlink&amp;utm_source=w_share\" target=\"_blank\">PodBean<\/a><\/span>, <span style=\"text-decoration: underline\"><a rel=\"noreferrer noopener\" href=\"https:\/\/podcasts.apple.com\/sk\/podcast\/slaytiiina-kto-sa-v-skuto%C4%8Dnosti-za-%C5%88ou-skr%C3%BDva\/id1507703606?i=1000485587214&amp;fbclid=IwAR0CBROgrbeWcf32JYVVKEaTIEstWSFGYhYf6d-dghP1dyVFLOMz6I-gVls\" target=\"_blank\">Apple Podcasts<\/a><\/span>.<\/p>\n\n\n\n<figure class=\"wp-block-embed-youtube wp-block-embed is-type-video is-provider-youtube wp-embed-aspect-16-9 wp-has-aspect-ratio\"><div class=\"wp-block-embed__wrapper\">\n<iframe loading=\"lazy\" title=\"Tepl\u00e1 vlna: Slaytiiina - kto sa v skuto\u010dnosti za \u0148ou skr\u00fdva\" width=\"1778\" height=\"1000\" src=\"https:\/\/www.youtube.com\/embed\/XMCIz3X_atw?feature=oembed\" frameborder=\"0\" allow=\"accelerometer; autoplay; clipboard-write; encrypted-media; gyroscope; picture-in-picture\" allowfullscreen><\/iframe>\n<\/div><\/figure>\n","protected":false},"excerpt":{"rendered":"<p>V Teplej vlne sme vyspovedali Adama, zn\u00e1meho ako drag queen Slaytiiina. Zauj\u00edmalo n\u00e1s, ak\u00fd je, ke\u010f odlo\u017e\u00ed makeup a paroch\u0148u. Prezradil aj viac o svojej rodine a o tom, ako <a href=\"https:\/\/duhovyrok.sk\/tepla-vlna\/2020\/07\/21\/slaytiiina-kto-sa-v-skutocnosti-za-nou-skryva\/\" class=\"more-link\">&#8230;<\/a><\/p>\n","protected":false},"author":12,"featured_media":1256,"comment_status":"closed","ping_status":"open","sticky":false,"template":"","format":"video","meta":{"footnotes":""},"categories":[3,2],"tags":[28,4,29,5],"class_list":["post-1255","post","type-post","status-publish","format-video","has-post-thumbnail","hentry","category-novinky","category-tepla-vlna","tag-adam","tag-podcast","tag-slaytiiina","tag-tepla-vlna","post_format-post-format-video"],"_links":{"self":[{"href":"https:\/\/duhovyrok.sk\/tepla-vlna\/wp-json\/wp\/v2\/posts\/1255","targetHints":{"allow":["GET"]}}],"collection":[{"href":"https:\/\/duhovyrok.sk\/tepla-vlna\/wp-json\/wp\/v2\/posts"}],"about":[{"href":"https:\/\/duhovyrok.sk\/tepla-vlna\/wp-json\/wp\/v2\/types\/post"}],"author":[{"embeddable":true,"href":"https:\/\/duhovyrok.sk\/tepla-vlna\/wp-json\/wp\/v2\/users\/12"}],"replies":[{"embeddable":true,"href":"https:\/\/duhovyrok.sk\/tepla-vlna\/wp-json\/wp\/v2\/comments?post=1255"}],"version-history":[{"count":0,"href":"https:\/\/duhovyrok.sk\/tepla-vlna\/wp-json\/wp\/v2\/posts\/1255\/revisions"}],"wp:featuredmedia":[{"embeddable":true,"href":"https:\/\/duhovyrok.sk\/tepla-vlna\/wp-json\/wp\/v2\/media\/1256"}],"wp:attachment":[{"href":"https:\/\/duhovyrok.sk\/tepla-vlna\/wp-json\/wp\/v2\/media?parent=1255"}],"wp:term":[{"taxonomy":"category","embeddable":true,"href":"https:\/\/duhovyrok.sk\/tepla-vlna\/wp-json\/wp\/v2\/categories?post=1255"},{"taxonomy":"post_tag","embeddable":true,"href":"https:\/\/duhovyrok.sk\/tepla-vlna\/wp-json\/wp\/v2\/tags?post=1255"}],"curies":[{"name":"wp","href":"https:\/\/api.w.org\/{rel}","templated":true}]}}