{"id":1250,"date":"2020-07-16T23:26:42","date_gmt":"2020-07-16T21:26:42","guid":{"rendered":"https:\/\/duhovyrok.sk\/?p=1250"},"modified":"2020-07-16T23:26:42","modified_gmt":"2020-07-16T21:26:42","slug":"do-teplej-vlny-pride-slaytiiina","status":"publish","type":"post","link":"https:\/\/duhovyrok.sk\/tepla-vlna\/2020\/07\/16\/do-teplej-vlny-pride-slaytiiina\/","title":{"rendered":"Do Teplej vlny pr\u00edde Slaytiiina"},"content":{"rendered":"\n<p>Najbli\u017e\u0161\u00ed hos\u0165 v Teplej vlne: Adam, vystupuj\u00faci na internete pod umeleck\u00fdm menom Slaytiiina, je youtuber, drag queen, makeup artist a ob\u010dasne sa venuje aj hudbe. Na strednej \u0161kole \u0161tudoval obrazov\u00fa a zvukov\u00fa tvorbu. Organizuje taktie\u017e p\u00e1rty zameran\u00fa na LGBTI \u013eud\u00ed. Jeho cie\u013eom je prinies\u0165 na Slovensko nie\u010do nov\u00e9, uk\u00e1za\u0165 \u013eu\u010fom, \u017ee je ok neby\u0165 &#8222;norm\u00e1lny&#8220;. \ud83c\udf08<\/p>\n","protected":false},"excerpt":{"rendered":"<p>Najbli\u017e\u0161\u00ed hos\u0165 v Teplej vlne: Adam, vystupuj\u00faci na internete pod umeleck\u00fdm menom Slaytiiina, je youtuber, drag queen, makeup artist a ob\u010dasne sa venuje aj hudbe. Na strednej \u0161kole \u0161tudoval obrazov\u00fa <a href=\"https:\/\/duhovyrok.sk\/tepla-vlna\/2020\/07\/16\/do-teplej-vlny-pride-slaytiiina\/\" class=\"more-link\">&#8230;<\/a><\/p>\n","protected":false},"author":12,"featured_media":1251,"comment_status":"closed","ping_status":"open","sticky":false,"template":"","format":"standard","meta":{"footnotes":""},"categories":[3,2],"tags":[28,4,29,5],"class_list":["post-1250","post","type-post","status-publish","format-standard","has-post-thumbnail","hentry","category-novinky","category-tepla-vlna","tag-adam","tag-podcast","tag-slaytiiina","tag-tepla-vlna"],"_links":{"self":[{"href":"https:\/\/duhovyrok.sk\/tepla-vlna\/wp-json\/wp\/v2\/posts\/1250","targetHints":{"allow":["GET"]}}],"collection":[{"href":"https:\/\/duhovyrok.sk\/tepla-vlna\/wp-json\/wp\/v2\/posts"}],"about":[{"href":"https:\/\/duhovyrok.sk\/tepla-vlna\/wp-json\/wp\/v2\/types\/post"}],"author":[{"embeddable":true,"href":"https:\/\/duhovyrok.sk\/tepla-vlna\/wp-json\/wp\/v2\/users\/12"}],"replies":[{"embeddable":true,"href":"https:\/\/duhovyrok.sk\/tepla-vlna\/wp-json\/wp\/v2\/comments?post=1250"}],"version-history":[{"count":0,"href":"https:\/\/duhovyrok.sk\/tepla-vlna\/wp-json\/wp\/v2\/posts\/1250\/revisions"}],"wp:featuredmedia":[{"embeddable":true,"href":"https:\/\/duhovyrok.sk\/tepla-vlna\/wp-json\/wp\/v2\/media\/1251"}],"wp:attachment":[{"href":"https:\/\/duhovyrok.sk\/tepla-vlna\/wp-json\/wp\/v2\/media?parent=1250"}],"wp:term":[{"taxonomy":"category","embeddable":true,"href":"https:\/\/duhovyrok.sk\/tepla-vlna\/wp-json\/wp\/v2\/categories?post=1250"},{"taxonomy":"post_tag","embeddable":true,"href":"https:\/\/duhovyrok.sk\/tepla-vlna\/wp-json\/wp\/v2\/tags?post=1250"}],"curies":[{"name":"wp","href":"https:\/\/api.w.org\/{rel}","templated":true}]}}