{"id":1245,"date":"2020-07-09T23:35:19","date_gmt":"2020-07-09T21:35:19","guid":{"rendered":"https:\/\/duhovyrok.sk\/?p=1245"},"modified":"2020-07-09T23:35:19","modified_gmt":"2020-07-09T21:35:19","slug":"o-pripravach-duhoveho-pride-s-janou-micekovou","status":"publish","type":"post","link":"https:\/\/duhovyrok.sk\/tepla-vlna\/2020\/07\/09\/o-pripravach-duhoveho-pride-s-janou-micekovou\/","title":{"rendered":"O pr\u00edprav\u00e1ch D\u00fahov\u00e9ho PRIDE s Janou Mi\u010dekovou"},"content":{"rendered":"\n<p>V Teplej vlne sme sa pozreli bli\u017e\u0161ie, ako funguje D\u00fahov\u00fd PRIDE Bratislava. S jeho predsedn\u00ed\u010dkou Janou Mi\u010dekovou sme sa rozpr\u00e1vali o tom, ko\u013eko trv\u00e1 pr\u00edprava jedn\u00e9ho ro\u010dn\u00edka, ko\u013eko to stoj\u00ed a s ak\u00fdmi reakciami \u013eud\u00ed sa stret\u00e1vaj\u00fa. Op\u00edsala n\u00e1m aj, \u010do chystaj\u00fa na tento rok, kedy pl\u00e1ny v\u00fdrazne obmedzila pand\u00e9mia. Podcast si m\u00f4\u017eete vypo\u010du\u0165 na <span style=\"text-decoration: underline\"><a rel=\"noreferrer noopener\" href=\"https:\/\/open.spotify.com\/episode\/3OpIGoveynyRJNG6BN7Jzz?si=z3S1R1sETPuCwsDS7kwWuA&amp;fbclid=IwAR3j7w81RS9a4QpRh_d3E64OqAPrpx3uP5OfHB8HZDiaqACBxS_CxMhNB20\" target=\"_blank\">Spotify<\/a><\/span>, <span style=\"text-decoration: underline\"><a rel=\"noreferrer noopener\" href=\"https:\/\/www.podbean.com\/media\/share\/pb-h66a5-e29cc1?utm_campaign=u_share_ep&amp;utm_medium=dlink&amp;utm_source=u_share&amp;fbclid=IwAR03xUd5bMM2F7JIVzft99OcQpidBmnl7V3piWC0ZfHcTIYld6KpyAVZt6g\" target=\"_blank\">PodBean<\/a><\/span>, <span style=\"text-decoration: underline\"><a rel=\"noreferrer noopener\" href=\"https:\/\/podcasts.apple.com\/sk\/podcast\/tepl%C3%A1-vlna\/id1507703606?l=sk&amp;fbclid=IwAR3b6tc8WTiwyEZzHCbSgGuzC7J_Ja8MkZCdoraQh4_7ha7nSbbDlZVfW_c#episodeGuid=teplavlna.podbean.com%2Fe33dd773-7b50-586c-a3d6-622a0bcfa01d\" target=\"_blank\">Apple Podcasts<\/a><\/span> alebo pozrie\u0165 na Youtube.<\/p>\n\n\n\n<figure class=\"wp-block-embed-youtube wp-block-embed is-type-video is-provider-youtube wp-embed-aspect-16-9 wp-has-aspect-ratio\"><div class=\"wp-block-embed__wrapper\">\n<iframe loading=\"lazy\" title=\"Tepl\u00e1 vlna: O z\u00e1kulis\u00ed D\u00fahov\u00e9ho PRIDE Bratislava s Janou Mi\u010dekovou\" width=\"1778\" height=\"1000\" src=\"https:\/\/www.youtube.com\/embed\/cxS7ICV5WM8?feature=oembed\" frameborder=\"0\" allow=\"accelerometer; autoplay; clipboard-write; encrypted-media; gyroscope; picture-in-picture\" allowfullscreen><\/iframe>\n<\/div><\/figure>\n","protected":false},"excerpt":{"rendered":"<p>V Teplej vlne sme sa pozreli bli\u017e\u0161ie, ako funguje D\u00fahov\u00fd PRIDE Bratislava. S jeho predsedn\u00ed\u010dkou Janou Mi\u010dekovou sme sa rozpr\u00e1vali o tom, ko\u013eko trv\u00e1 pr\u00edprava jedn\u00e9ho ro\u010dn\u00edka, ko\u013eko to stoj\u00ed <a href=\"https:\/\/duhovyrok.sk\/tepla-vlna\/2020\/07\/09\/o-pripravach-duhoveho-pride-s-janou-micekovou\/\" class=\"more-link\">&#8230;<\/a><\/p>\n","protected":false},"author":12,"featured_media":1249,"comment_status":"closed","ping_status":"open","sticky":false,"template":"","format":"video","meta":{"footnotes":""},"categories":[3,2],"tags":[25,26,27,5],"class_list":["post-1245","post","type-post","status-publish","format-video","has-post-thumbnail","hentry","category-novinky","category-tepla-vlna","tag-duhovy-pride-bratislava","tag-jana-micekova","tag-pride","tag-tepla-vlna","post_format-post-format-video"],"_links":{"self":[{"href":"https:\/\/duhovyrok.sk\/tepla-vlna\/wp-json\/wp\/v2\/posts\/1245","targetHints":{"allow":["GET"]}}],"collection":[{"href":"https:\/\/duhovyrok.sk\/tepla-vlna\/wp-json\/wp\/v2\/posts"}],"about":[{"href":"https:\/\/duhovyrok.sk\/tepla-vlna\/wp-json\/wp\/v2\/types\/post"}],"author":[{"embeddable":true,"href":"https:\/\/duhovyrok.sk\/tepla-vlna\/wp-json\/wp\/v2\/users\/12"}],"replies":[{"embeddable":true,"href":"https:\/\/duhovyrok.sk\/tepla-vlna\/wp-json\/wp\/v2\/comments?post=1245"}],"version-history":[{"count":0,"href":"https:\/\/duhovyrok.sk\/tepla-vlna\/wp-json\/wp\/v2\/posts\/1245\/revisions"}],"wp:featuredmedia":[{"embeddable":true,"href":"https:\/\/duhovyrok.sk\/tepla-vlna\/wp-json\/wp\/v2\/media\/1249"}],"wp:attachment":[{"href":"https:\/\/duhovyrok.sk\/tepla-vlna\/wp-json\/wp\/v2\/media?parent=1245"}],"wp:term":[{"taxonomy":"category","embeddable":true,"href":"https:\/\/duhovyrok.sk\/tepla-vlna\/wp-json\/wp\/v2\/categories?post=1245"},{"taxonomy":"post_tag","embeddable":true,"href":"https:\/\/duhovyrok.sk\/tepla-vlna\/wp-json\/wp\/v2\/tags?post=1245"}],"curies":[{"name":"wp","href":"https:\/\/api.w.org\/{rel}","templated":true}]}}