{"id":1224,"date":"2020-07-06T18:33:06","date_gmt":"2020-07-06T16:33:06","guid":{"rendered":"https:\/\/duhovyrok.sk\/?p=1224"},"modified":"2020-07-06T18:33:06","modified_gmt":"2020-07-06T16:33:06","slug":"tepla-vlna-s-janou-micekovou-z-duhoveho-pride-bratislava","status":"publish","type":"post","link":"https:\/\/duhovyrok.sk\/tepla-vlna\/2020\/07\/06\/tepla-vlna-s-janou-micekovou-z-duhoveho-pride-bratislava\/","title":{"rendered":"Tepl\u00e1 vlna s Janou Mi\u010dekovou z D\u00fahov\u00e9ho PRIDE Bratislava"},"content":{"rendered":"\n<p>Najbli\u017e\u0161ia hostka v Teplej vlne: Jana Mi\u010dekov\u00e1. Event mana\u017e\u00e9rka, toho \u010dasu na materskej dovolenke, u\u017e piatym rokom v organiza\u010dnom t\u00edme D\u00fahov\u00e9ho PRIDE Bratislava. V roku 2019 jej \u010dlenovia OZ Duhov\u00fd PRIDE Bratislava vyjadrili d\u00f4veru a zvolili ju za predsedn\u00ed\u010dku rady.<\/p>\n","protected":false},"excerpt":{"rendered":"<p>Najbli\u017e\u0161ia hostka v Teplej vlne: Jana Mi\u010dekov\u00e1. Event mana\u017e\u00e9rka, toho \u010dasu na materskej dovolenke, u\u017e piatym rokom v organiza\u010dnom t\u00edme D\u00fahov\u00e9ho PRIDE Bratislava. V roku 2019 jej \u010dlenovia OZ Duhov\u00fd <a href=\"https:\/\/duhovyrok.sk\/tepla-vlna\/2020\/07\/06\/tepla-vlna-s-janou-micekovou-z-duhoveho-pride-bratislava\/\" class=\"more-link\">&#8230;<\/a><\/p>\n","protected":false},"author":12,"featured_media":1225,"comment_status":"closed","ping_status":"open","sticky":false,"template":"","format":"standard","meta":{"footnotes":""},"categories":[3,2],"tags":[25,26,27],"class_list":["post-1224","post","type-post","status-publish","format-standard","has-post-thumbnail","hentry","category-novinky","category-tepla-vlna","tag-duhovy-pride-bratislava","tag-jana-micekova","tag-pride"],"_links":{"self":[{"href":"https:\/\/duhovyrok.sk\/tepla-vlna\/wp-json\/wp\/v2\/posts\/1224","targetHints":{"allow":["GET"]}}],"collection":[{"href":"https:\/\/duhovyrok.sk\/tepla-vlna\/wp-json\/wp\/v2\/posts"}],"about":[{"href":"https:\/\/duhovyrok.sk\/tepla-vlna\/wp-json\/wp\/v2\/types\/post"}],"author":[{"embeddable":true,"href":"https:\/\/duhovyrok.sk\/tepla-vlna\/wp-json\/wp\/v2\/users\/12"}],"replies":[{"embeddable":true,"href":"https:\/\/duhovyrok.sk\/tepla-vlna\/wp-json\/wp\/v2\/comments?post=1224"}],"version-history":[{"count":0,"href":"https:\/\/duhovyrok.sk\/tepla-vlna\/wp-json\/wp\/v2\/posts\/1224\/revisions"}],"wp:featuredmedia":[{"embeddable":true,"href":"https:\/\/duhovyrok.sk\/tepla-vlna\/wp-json\/wp\/v2\/media\/1225"}],"wp:attachment":[{"href":"https:\/\/duhovyrok.sk\/tepla-vlna\/wp-json\/wp\/v2\/media?parent=1224"}],"wp:term":[{"taxonomy":"category","embeddable":true,"href":"https:\/\/duhovyrok.sk\/tepla-vlna\/wp-json\/wp\/v2\/categories?post=1224"},{"taxonomy":"post_tag","embeddable":true,"href":"https:\/\/duhovyrok.sk\/tepla-vlna\/wp-json\/wp\/v2\/tags?post=1224"}],"curies":[{"name":"wp","href":"https:\/\/api.w.org\/{rel}","templated":true}]}}