{"id":1193,"date":"2020-07-02T12:40:29","date_gmt":"2020-07-02T10:40:29","guid":{"rendered":"https:\/\/duhovyrok.sk\/?p=1193"},"modified":"2020-07-02T12:40:29","modified_gmt":"2020-07-02T10:40:29","slug":"v-teplej-vlne-michal-vasecka","status":"publish","type":"post","link":"https:\/\/duhovyrok.sk\/tepla-vlna\/2020\/07\/02\/v-teplej-vlne-michal-vasecka\/","title":{"rendered":"V Teplej vlne Michal Va\u0161e\u010dka"},"content":{"rendered":"\n<p>Doc. PhDr. Michal Va\u0161e\u010dka, PhD.\u00a0je vzdelan\u00edm sociol\u00f3g, odborne sa zameriava na etnick\u00e9, rasov\u00e9 a\u00a0migra\u010dn\u00e9 \u0161t\u00fadi\u00e1, ako aj ot\u00e1zky populizmu, extr\u00e9mizmu a\u00a0ob\u010dianskej spolo\u010dnosti. Je programov\u00fdm riadite\u013eom\u00a0Bratislava Policy Institute\u00a0od roku 2017, v poz\u00edcii docenta Michal Va\u0161e\u010dka p\u00f4sob\u00ed od roku 2015 na\u00a0Bratislava International School of Liberal Arts (BISLA)\u00a0a\u00a0na\u00a0Paneur\u00f3pskej vysokej \u0161kole\u00a0v\u00a0Bratislave od roku 2018. Je zakladate\u013eom a\u00a0b\u00fdval\u00fdm riadite\u013eom (2006-2012)\u00a0Centra pre v\u00fdskum etnicity a\u00a0kult\u00fary (CVEK). V\u00a0rokoch 1998-2005 p\u00f4sobil v think-tanku\u00a0In\u0161tit\u00fat pre verejn\u00e9 ot\u00e1zky (IVO)\u00a0v\u00a0poz\u00edcii programov\u00e9ho riadite\u013ea, zaoberal sa anal\u00fdzou transforma\u010dn\u00e9ho procesu s\u00a0d\u00f4razom na anal\u00fdzu men\u0161inovej problematiky a\u00a0\u0161t\u00fadium ob\u010dianskej spolo\u010dnosti. Od roku 2017 je podpredsedom medzivl\u00e1dneho\u00a0V\u00fdboru na elimin\u00e1ciu rasizmu, antisemitizmu, xenof\u00f3bie a\u00a0v\u0161etk\u00fdch foriem intolerancie (VRAX). V\u00a0roku 2018 sa\u00a0 stal laure\u00e1tom\u00a0Ceny ministra spravodlivosti SR za v\u00fdnimo\u010dn\u00fd pr\u00ednos v\u00a0oblasti \u013eudsk\u00fdch pr\u00e1v.<\/p>\n","protected":false},"excerpt":{"rendered":"<p>Doc. PhDr. Michal Va\u0161e\u010dka, PhD.\u00a0je vzdelan\u00edm sociol\u00f3g, odborne sa zameriava na etnick\u00e9, rasov\u00e9 a\u00a0migra\u010dn\u00e9 \u0161t\u00fadi\u00e1, ako aj ot\u00e1zky populizmu, extr\u00e9mizmu a\u00a0ob\u010dianskej spolo\u010dnosti. Je programov\u00fdm riadite\u013eom\u00a0Bratislava Policy Institute\u00a0od roku 2017, v <a href=\"https:\/\/duhovyrok.sk\/tepla-vlna\/2020\/07\/02\/v-teplej-vlne-michal-vasecka\/\" class=\"more-link\">&#8230;<\/a><\/p>\n","protected":false},"author":12,"featured_media":1194,"comment_status":"closed","ping_status":"open","sticky":false,"template":"","format":"standard","meta":{"footnotes":""},"categories":[3,2],"tags":[],"class_list":["post-1193","post","type-post","status-publish","format-standard","has-post-thumbnail","hentry","category-novinky","category-tepla-vlna"],"_links":{"self":[{"href":"https:\/\/duhovyrok.sk\/tepla-vlna\/wp-json\/wp\/v2\/posts\/1193","targetHints":{"allow":["GET"]}}],"collection":[{"href":"https:\/\/duhovyrok.sk\/tepla-vlna\/wp-json\/wp\/v2\/posts"}],"about":[{"href":"https:\/\/duhovyrok.sk\/tepla-vlna\/wp-json\/wp\/v2\/types\/post"}],"author":[{"embeddable":true,"href":"https:\/\/duhovyrok.sk\/tepla-vlna\/wp-json\/wp\/v2\/users\/12"}],"replies":[{"embeddable":true,"href":"https:\/\/duhovyrok.sk\/tepla-vlna\/wp-json\/wp\/v2\/comments?post=1193"}],"version-history":[{"count":0,"href":"https:\/\/duhovyrok.sk\/tepla-vlna\/wp-json\/wp\/v2\/posts\/1193\/revisions"}],"wp:featuredmedia":[{"embeddable":true,"href":"https:\/\/duhovyrok.sk\/tepla-vlna\/wp-json\/wp\/v2\/media\/1194"}],"wp:attachment":[{"href":"https:\/\/duhovyrok.sk\/tepla-vlna\/wp-json\/wp\/v2\/media?parent=1193"}],"wp:term":[{"taxonomy":"category","embeddable":true,"href":"https:\/\/duhovyrok.sk\/tepla-vlna\/wp-json\/wp\/v2\/categories?post=1193"},{"taxonomy":"post_tag","embeddable":true,"href":"https:\/\/duhovyrok.sk\/tepla-vlna\/wp-json\/wp\/v2\/tags?post=1193"}],"curies":[{"name":"wp","href":"https:\/\/api.w.org\/{rel}","templated":true}]}}