{"id":1184,"date":"2020-06-16T11:41:54","date_gmt":"2020-06-16T09:41:54","guid":{"rendered":"https:\/\/duhovyrok.sk\/?p=1184"},"modified":"2020-06-16T11:41:54","modified_gmt":"2020-06-16T09:41:54","slug":"zverejnili-sme-novu-cast-teplej-vlny-s-luciou-plavakovou","status":"publish","type":"post","link":"https:\/\/duhovyrok.sk\/tepla-vlna\/2020\/06\/16\/zverejnili-sme-novu-cast-teplej-vlny-s-luciou-plavakovou\/","title":{"rendered":"Zverejnili sme nov\u00fa \u010das\u0165 Teplej vlny s Luciou Plav\u00e1kovou"},"content":{"rendered":"\n<p>Politi\u010dka a advok\u00e1tka Lucia Plav\u00e1kov\u00e1 bilancuje, ako zvl\u00e1dla volebn\u00fa kampa\u0148, v ktorej otvorene vystupovala ako lesba. V Teplej vlne prezradila, \u010di prev\u00e1\u017eil hejt alebo naopak podporn\u00e9 reakcie. Pustila n\u00e1s aj do svojho s\u00fakromia. Pribl\u00ed\u017eila, ak\u00e9 je to na Slovensku vychov\u00e1va\u0165 s partnerkou die\u0165a. Tepl\u00fa vlnu si m\u00f4\u017eete vypo\u010du\u0165 na <span style=\"text-decoration: underline\"><a rel=\"noreferrer noopener\" href=\"https:\/\/open.spotify.com\/episode\/778AVBSiwr9ihuJBKNGXAG?si=aL3jb0ZlQO6oUP0Z8-5Ezw&amp;fbclid=IwAR3A0Po5TKgtw2QDpPQdUX-cmpLrwT9dLoOtfyL33yWjXBMVzv27hT-WBPA\" target=\"_blank\">Spotify<\/a><\/span>, <span style=\"text-decoration: underline\"><a rel=\"noreferrer noopener\" href=\"https:\/\/www.podbean.com\/media\/share\/pb-4cj69-df3bb0?utm_campaign=u_share_ep&amp;utm_medium=dlink&amp;utm_source=u_share&amp;fbclid=IwAR1MLplWhTmqXdJUfVhKNi0xdsiasS-PcE5Ca8dnsfrhuBQIBCVJd47nF8s\" target=\"_blank\">PodBean<\/a><\/span> alebo pozrie\u0165 na Youtube. <\/p>\n\n\n\n<figure class=\"wp-block-embed-youtube wp-block-embed is-type-video is-provider-youtube wp-embed-aspect-16-9 wp-has-aspect-ratio\"><div class=\"wp-block-embed__wrapper\">\n<iframe loading=\"lazy\" title=\"Tepl\u00e1 vlna: Lucia Plav\u00e1kov\u00e1 - lesba v politike\" width=\"1778\" height=\"1000\" src=\"https:\/\/www.youtube.com\/embed\/fymurcP3Nys?feature=oembed\" frameborder=\"0\" allow=\"accelerometer; autoplay; clipboard-write; encrypted-media; gyroscope; picture-in-picture\" allowfullscreen><\/iframe>\n<\/div><\/figure>\n","protected":false},"excerpt":{"rendered":"<p>Politi\u010dka a advok\u00e1tka Lucia Plav\u00e1kov\u00e1 bilancuje, ako zvl\u00e1dla volebn\u00fa kampa\u0148, v ktorej otvorene vystupovala ako lesba. V Teplej vlne prezradila, \u010di prev\u00e1\u017eil hejt alebo naopak podporn\u00e9 reakcie. Pustila n\u00e1s aj <a href=\"https:\/\/duhovyrok.sk\/tepla-vlna\/2020\/06\/16\/zverejnili-sme-novu-cast-teplej-vlny-s-luciou-plavakovou\/\" class=\"more-link\">&#8230;<\/a><\/p>\n","protected":false},"author":12,"featured_media":1185,"comment_status":"closed","ping_status":"open","sticky":false,"template":"","format":"video","meta":{"footnotes":""},"categories":[3,2],"tags":[],"class_list":["post-1184","post","type-post","status-publish","format-video","has-post-thumbnail","hentry","category-novinky","category-tepla-vlna","post_format-post-format-video"],"_links":{"self":[{"href":"https:\/\/duhovyrok.sk\/tepla-vlna\/wp-json\/wp\/v2\/posts\/1184","targetHints":{"allow":["GET"]}}],"collection":[{"href":"https:\/\/duhovyrok.sk\/tepla-vlna\/wp-json\/wp\/v2\/posts"}],"about":[{"href":"https:\/\/duhovyrok.sk\/tepla-vlna\/wp-json\/wp\/v2\/types\/post"}],"author":[{"embeddable":true,"href":"https:\/\/duhovyrok.sk\/tepla-vlna\/wp-json\/wp\/v2\/users\/12"}],"replies":[{"embeddable":true,"href":"https:\/\/duhovyrok.sk\/tepla-vlna\/wp-json\/wp\/v2\/comments?post=1184"}],"version-history":[{"count":0,"href":"https:\/\/duhovyrok.sk\/tepla-vlna\/wp-json\/wp\/v2\/posts\/1184\/revisions"}],"wp:featuredmedia":[{"embeddable":true,"href":"https:\/\/duhovyrok.sk\/tepla-vlna\/wp-json\/wp\/v2\/media\/1185"}],"wp:attachment":[{"href":"https:\/\/duhovyrok.sk\/tepla-vlna\/wp-json\/wp\/v2\/media?parent=1184"}],"wp:term":[{"taxonomy":"category","embeddable":true,"href":"https:\/\/duhovyrok.sk\/tepla-vlna\/wp-json\/wp\/v2\/categories?post=1184"},{"taxonomy":"post_tag","embeddable":true,"href":"https:\/\/duhovyrok.sk\/tepla-vlna\/wp-json\/wp\/v2\/tags?post=1184"}],"curies":[{"name":"wp","href":"https:\/\/api.w.org\/{rel}","templated":true}]}}