{"id":1180,"date":"2020-06-16T11:33:43","date_gmt":"2020-06-16T09:33:43","guid":{"rendered":"https:\/\/duhovyrok.sk\/?p=1180"},"modified":"2020-06-16T11:33:43","modified_gmt":"2020-06-16T09:33:43","slug":"christian-havlicek-hostom-v-teplej-vlne","status":"publish","type":"post","link":"https:\/\/duhovyrok.sk\/tepla-vlna\/2020\/06\/16\/christian-havlicek-hostom-v-teplej-vlne\/","title":{"rendered":"Christi\u00e1n Havl\u00ed\u010dek hos\u0165om v Teplej vlne"},"content":{"rendered":"\n<p>Christi\u00e1n vy\u0161tudoval sociol\u00f3giu na Filozofickej fakulte Univerzity Komensk\u00e9ho. Venuje sa poradenstvu pre trans \u013eud\u00ed a pre ich bl\u00edzkych a organizuje komunitn\u00e9 podujatia a podporn\u00e9 skupiny. V s\u00fa\u010dasnosti p\u00f4sob\u00ed ako soci\u00e1lny poradca v <span style=\"text-decoration: underline\"><a rel=\"noreferrer noopener\" href=\"http:\/\/inporadna.sk\/\" target=\"_blank\">inPoradni<\/a><\/span>. O svojej tranz\u00edcii hovor\u00ed pre to, aby \u013eudia transrodovej sk\u00fasenosti\u00a0lep\u0161ie porozumeli.\u00a0 <\/p>\n","protected":false},"excerpt":{"rendered":"<p>Christi\u00e1n vy\u0161tudoval sociol\u00f3giu na Filozofickej fakulte Univerzity Komensk\u00e9ho. Venuje sa poradenstvu pre trans \u013eud\u00ed a pre ich bl\u00edzkych a organizuje komunitn\u00e9 podujatia a podporn\u00e9 skupiny. V s\u00fa\u010dasnosti p\u00f4sob\u00ed ako soci\u00e1lny <a href=\"https:\/\/duhovyrok.sk\/tepla-vlna\/2020\/06\/16\/christian-havlicek-hostom-v-teplej-vlne\/\" class=\"more-link\">&#8230;<\/a><\/p>\n","protected":false},"author":12,"featured_media":1181,"comment_status":"closed","ping_status":"open","sticky":false,"template":"","format":"standard","meta":{"footnotes":""},"categories":[3,2],"tags":[17,4,5],"class_list":["post-1180","post","type-post","status-publish","format-standard","has-post-thumbnail","hentry","category-novinky","category-tepla-vlna","tag-christian-havlicek","tag-podcast","tag-tepla-vlna"],"_links":{"self":[{"href":"https:\/\/duhovyrok.sk\/tepla-vlna\/wp-json\/wp\/v2\/posts\/1180","targetHints":{"allow":["GET"]}}],"collection":[{"href":"https:\/\/duhovyrok.sk\/tepla-vlna\/wp-json\/wp\/v2\/posts"}],"about":[{"href":"https:\/\/duhovyrok.sk\/tepla-vlna\/wp-json\/wp\/v2\/types\/post"}],"author":[{"embeddable":true,"href":"https:\/\/duhovyrok.sk\/tepla-vlna\/wp-json\/wp\/v2\/users\/12"}],"replies":[{"embeddable":true,"href":"https:\/\/duhovyrok.sk\/tepla-vlna\/wp-json\/wp\/v2\/comments?post=1180"}],"version-history":[{"count":0,"href":"https:\/\/duhovyrok.sk\/tepla-vlna\/wp-json\/wp\/v2\/posts\/1180\/revisions"}],"wp:featuredmedia":[{"embeddable":true,"href":"https:\/\/duhovyrok.sk\/tepla-vlna\/wp-json\/wp\/v2\/media\/1181"}],"wp:attachment":[{"href":"https:\/\/duhovyrok.sk\/tepla-vlna\/wp-json\/wp\/v2\/media?parent=1180"}],"wp:term":[{"taxonomy":"category","embeddable":true,"href":"https:\/\/duhovyrok.sk\/tepla-vlna\/wp-json\/wp\/v2\/categories?post=1180"},{"taxonomy":"post_tag","embeddable":true,"href":"https:\/\/duhovyrok.sk\/tepla-vlna\/wp-json\/wp\/v2\/tags?post=1180"}],"curies":[{"name":"wp","href":"https:\/\/api.w.org\/{rel}","templated":true}]}}